{"id":204740,"date":"2025-12-27T16:23:19","date_gmt":"2025-12-27T16:23:19","guid":{"rendered":"https:\/\/www.europesays.com\/pt\/204740\/"},"modified":"2025-12-27T16:23:19","modified_gmt":"2025-12-27T16:23:19","slug":"em-trancoso-casa-nasce-do-terreno-e-do-imaginario-local","status":"publish","type":"post","link":"https:\/\/www.europesays.com\/pt\/204740\/","title":{"rendered":"Em Trancoso, casa nasce do terreno e do imagin\u00e1rio local"},"content":{"rendered":"\n<p class=\" content-text__container \" data-track-category=\"Link no Texto\" data-track-links=\"\"> \u00c9 nesse contexto que surge a inspira\u00e7\u00e3o nas constru\u00e7\u00f5es tradicionais do Quadrado de Trancoso. Vista de fora, a <a class=\"\" href=\"https:\/\/casavogue.globo.com\/interiores\/casas\/noticia\/2025\/11\/casa-de-campo-mostra-como-inserir-contemporaneidade-em-refugios-no-interior.ghtml\" rel=\"nofollow noopener\" target=\"_blank\">resid\u00eancia <\/a>se apresenta como uma casa aparentemente t\u00e9rrea e simples, com telhado cont\u00ednuo e propor\u00e7\u00f5es contidas. Ao cruzar o limiar, no entanto, os espa\u00e7os se revelam de forma gradual: amplos, interligados e articulados pela topografia, sem romper a linha do <a class=\"\" href=\"https:\/\/casavogue.globo.com\/Arquitetura\/Edificios\/noticia\/2020\/12\/10-projetos-que-utilizaram-o-telhado-de-forma-incrivel.html\" rel=\"nofollow noopener\" target=\"_blank\">telhado<\/a>. \u201cEssa caracter\u00edstica cria um efeito de surpresa, evocando a ideia de uma casa do \u2018tesouro escondido\u2019 ou \u2018Alice no Pa\u00eds das Maravilhas\u2019, pela forma como os ambientes se desdobram gradativamente\u201d, descreve o arquiteto Matheos Schnyder. <\/p>\n","protected":false},"excerpt":{"rendered":"\u00c9 nesse contexto que surge a inspira\u00e7\u00e3o nas constru\u00e7\u00f5es tradicionais do Quadrado de Trancoso. Vista de fora, a&hellip;\n","protected":false},"author":2,"featured_media":204741,"comment_status":"","ping_status":"","sticky":false,"template":"","format":"standard","meta":{"footnotes":""},"categories":[144],"tags":[207,205,206,203,201,202,204,114,115,32,33],"class_list":{"0":"post-204740","1":"post","2":"type-post","3":"status-publish","4":"format-standard","5":"has-post-thumbnail","7":"category-arte-e-design","8":"tag-arte","9":"tag-arte-e-design","10":"tag-artedesign","11":"tag-arts","12":"tag-arts-and-design","13":"tag-artsanddesign","14":"tag-design","15":"tag-entertainment","16":"tag-entretenimento","17":"tag-portugal","18":"tag-pt"},"share_on_mastodon":{"url":"https:\/\/pubeurope.com\/@pt\/115792458750215133","error":""},"_links":{"self":[{"href":"https:\/\/www.europesays.com\/pt\/wp-json\/wp\/v2\/posts\/204740","targetHints":{"allow":["GET"]}}],"collection":[{"href":"https:\/\/www.europesays.com\/pt\/wp-json\/wp\/v2\/posts"}],"about":[{"href":"https:\/\/www.europesays.com\/pt\/wp-json\/wp\/v2\/types\/post"}],"author":[{"embeddable":true,"href":"https:\/\/www.europesays.com\/pt\/wp-json\/wp\/v2\/users\/2"}],"replies":[{"embeddable":true,"href":"https:\/\/www.europesays.com\/pt\/wp-json\/wp\/v2\/comments?post=204740"}],"version-history":[{"count":0,"href":"https:\/\/www.europesays.com\/pt\/wp-json\/wp\/v2\/posts\/204740\/revisions"}],"wp:featuredmedia":[{"embeddable":true,"href":"https:\/\/www.europesays.com\/pt\/wp-json\/wp\/v2\/media\/204741"}],"wp:attachment":[{"href":"https:\/\/www.europesays.com\/pt\/wp-json\/wp\/v2\/media?parent=204740"}],"wp:term":[{"taxonomy":"category","embeddable":true,"href":"https:\/\/www.europesays.com\/pt\/wp-json\/wp\/v2\/categories?post=204740"},{"taxonomy":"post_tag","embeddable":true,"href":"https:\/\/www.europesays.com\/pt\/wp-json\/wp\/v2\/tags?post=204740"}],"curies":[{"name":"wp","href":"https:\/\/api.w.org\/{rel}","templated":true}]}}