{"id":204742,"date":"2025-12-27T16:25:13","date_gmt":"2025-12-27T16:25:13","guid":{"rendered":"https:\/\/www.europesays.com\/pt\/204742\/"},"modified":"2025-12-27T16:25:13","modified_gmt":"2025-12-27T16:25:13","slug":"pista-do-assalto-surge-mas-paulinho-age-em-segredo-para-salvar-gerluce","status":"publish","type":"post","link":"https:\/\/www.europesays.com\/pt\/204742\/","title":{"rendered":"pista do assalto surge, mas Paulinho age em segredo para salvar Gerluce"},"content":{"rendered":"<p>\n                        Juquinha encontra objeto decisivo na mans\u00e3o de Arminda, enquanto o parceiro toma atitude inesperada na novela das nove\n                    <\/p>\n<ul class=\"article__header__author\">\n<li class=\"article__header__author__item\">\n                                                Por:<br \/>\n                                                                                    Juliana Gardesani \/ Contigo\n                                                                        <\/li>\n<\/ul>\n<p class=\"text\">Em Tr\u00eas Gra\u00e7as, a curiosidade e o senso de justi\u00e7a falam mais alto do que a ordem superior. Paulinho (<strong>Romulo Estrela<\/strong>) e Juquinha (<strong>Gabriela Medvedovisky<\/strong>) s\u00e3o advertidos pelo delegado Jairo (Andr\u00e9 Mattos) a n\u00e3o se envolverem na investiga\u00e7\u00e3o do assalto \u00e0 luxuosa mans\u00e3o de Arminda (<strong>Grazi Massafera<\/strong>). A recomenda\u00e7\u00e3o \u00e9 clara: o caso ficar\u00e1 sob responsabilidade de outra equipe, longe dos dois.<\/p>\n<p><img loading=\"lazy\" decoding=\"async\" alt=\"Tr\u00eas Gra\u00e7as: Paulinho esconde prova do crime de Gerluce \u2014\" class=\"img-c217d1abb48a758f1a747f92a3f486e7qgmqbw1x\" height=\"435\" src=\"https:\/\/www.europesays.com\/pt\/wp-content\/uploads\/2025\/12\/639344121-whatsapp-image-2025-12-27-at-095633.jpg\"  title=\"Tr\u00eas Gra\u00e7as: Paulinho esconde prova do crime de Gerluce \u2014\" width=\"774\"\/><\/p>\n<p>Tr\u00eas Gra\u00e7as: Paulinho esconde prova do crime de Gerluce \u2014<\/p>\n<p>Foto: Globo \/ Contigo<\/p>\n<p class=\"text\">Apesar da proibi\u00e7\u00e3o, a dupla n\u00e3o consegue ignorar as incoer\u00eancias que cercam o crime. Convictos de que algo importante passou despercebido, eles decidem agir por conta pr\u00f3pria e retornam discretamente ao local do assalto, dispostos a examinar cada detalhe que possa ter sido ignorado no dia do ocorrido.<\/p>\n<p class=\"text\">Nos pr\u00f3ximos cap\u00edtulos da novela das nove, Paulinho e Juquinha fazem uma nova vistoria nos arredores da casa da vil\u00e3. Atenta a tudo, Juquinha observa o ch\u00e3o pr\u00f3ximo \u00e0 entrada da mans\u00e3o e acaba encontrando um brinco aparentemente perdido, o que levanta imediatamente a suspeita de que o objeto perten\u00e7a a algu\u00e9m envolvido no crime.<\/p>\n<p class=\"text\">&#8220;Parab\u00e9ns, Juquinha! J\u00e1 temos uma pista&#8221;, comemora o policial, animado com a descoberta.<\/p>\n<p class=\"text\">&#8220;E ningu\u00e9m circula ali. S\u00f3 naquele dia que abriram a porta. Esse brinco deve ser de algu\u00e9m que participou do assalto&#8221;, reflete a namorada de Lorena, refor\u00e7ando a import\u00e2ncia do achado.<\/p>\n<p class=\"text\">&#8220;Melhor que isso, s\u00f3 se tivesse vindo com um peda\u00e7o da orelha para fazer o DNA&#8221;, ironiza o detetive, tentando aliviar a tens\u00e3o do momento.<\/p>\n<p class=\"text\">O clima de investiga\u00e7\u00e3o, no entanto, muda rapidamente. Pouco depois da descoberta, Gerluce deixa a mans\u00e3o e avista Paulinho e Juquinha nas proximidades, levantando o risco de que a investiga\u00e7\u00e3o paralela seja descoberta. Diante da situa\u00e7\u00e3o inesperada, Paulinho age por impulso: decide esconder o brinco e n\u00e3o revela \u00e0 parceira que encontrou uma prova concreta ligada ao assalto.<\/p>\n<p class=\"text\">A atitude do policial cria um novo conflito na trama, colocando em d\u00favida suas verdadeiras inten\u00e7\u00f5es e levantando a suspeita de que ele esteja tentando proteger algu\u00e9m. Enquanto Juquinha segue acreditando que a investiga\u00e7\u00e3o est\u00e1 apenas come\u00e7ando, Paulinho guarda o segredo, transformando uma simples pista em um elemento capaz de mudar completamente o rumo do caso \u2014 e da rela\u00e7\u00e3o entre os dois.<\/p>\n<p>Veja ainda:<\/p>\n<blockquote class=\"instagram-media\" data-instgrm-captioned=\"\" data-instgrm-permalink=\"https:\/\/www.instagram.com\/reel\/DSvz6TdjSz8\/?utm_source=ig_embed&amp;utm_campaign=loading\" data-instgrm-version=\"14\" style=\"background: #FFF; border: 0; border-radius: 3px; box-shadow: 0 0 1px 0 rgba(0,0,0,0.5),0 1px 10px 0 rgba(0,0,0,0.15); margin: 1px; max-width: 540px; min-width: 326px; padding: 0; width: calc(100% - 2px);\">\n<p>     Ver essa foto no Instagram <\/p>\n<p class=\"text\" style=\"color: #c9c8cd; font-family: Arial,sans-serif; font-size: 14px; line-height: 17px; margin-bottom: 0; margin-top: 8px; overflow: hidden; padding: 8px 0 7px; text-align: center; text-overflow: ellipsis; white-space: nowrap;\"><a href=\"https:\/\/www.instagram.com\/reel\/DSvz6TdjSz8\/?utm_source=ig_embed&amp;utm_campaign=loading\" rel=\"noopener nofollow\" style=\"color: #c9c8cd; font-family: Arial,sans-serif; font-size: 14px; font-style: normal; font-weight: normal; line-height: 17px; text-decoration: none;\" target=\"_blank\">Um post compartilhado por gshow (@gshow)<\/a><\/p>\n<\/blockquote>\n<p>                            <script async src=\"\/\/www.instagram.com\/embed.js\"><\/script><\/p>\n","protected":false},"excerpt":{"rendered":"Juquinha encontra objeto decisivo na mans\u00e3o de Arminda, enquanto o parceiro toma atitude inesperada na novela das nove&hellip;\n","protected":false},"author":2,"featured_media":204743,"comment_status":"","ping_status":"","sticky":false,"template":"","format":"standard","meta":{"footnotes":""},"categories":[142],"tags":[114,115,32,33,151],"class_list":{"0":"post-204742","1":"post","2":"type-post","3":"status-publish","4":"format-standard","5":"has-post-thumbnail","7":"category-tv","8":"tag-entertainment","9":"tag-entretenimento","10":"tag-portugal","11":"tag-pt","12":"tag-tv"},"share_on_mastodon":{"url":"https:\/\/pubeurope.com\/@pt\/115792467036238721","error":""},"_links":{"self":[{"href":"https:\/\/www.europesays.com\/pt\/wp-json\/wp\/v2\/posts\/204742","targetHints":{"allow":["GET"]}}],"collection":[{"href":"https:\/\/www.europesays.com\/pt\/wp-json\/wp\/v2\/posts"}],"about":[{"href":"https:\/\/www.europesays.com\/pt\/wp-json\/wp\/v2\/types\/post"}],"author":[{"embeddable":true,"href":"https:\/\/www.europesays.com\/pt\/wp-json\/wp\/v2\/users\/2"}],"replies":[{"embeddable":true,"href":"https:\/\/www.europesays.com\/pt\/wp-json\/wp\/v2\/comments?post=204742"}],"version-history":[{"count":0,"href":"https:\/\/www.europesays.com\/pt\/wp-json\/wp\/v2\/posts\/204742\/revisions"}],"wp:featuredmedia":[{"embeddable":true,"href":"https:\/\/www.europesays.com\/pt\/wp-json\/wp\/v2\/media\/204743"}],"wp:attachment":[{"href":"https:\/\/www.europesays.com\/pt\/wp-json\/wp\/v2\/media?parent=204742"}],"wp:term":[{"taxonomy":"category","embeddable":true,"href":"https:\/\/www.europesays.com\/pt\/wp-json\/wp\/v2\/categories?post=204742"},{"taxonomy":"post_tag","embeddable":true,"href":"https:\/\/www.europesays.com\/pt\/wp-json\/wp\/v2\/tags?post=204742"}],"curies":[{"name":"wp","href":"https:\/\/api.w.org\/{rel}","templated":true}]}}