{"id":204781,"date":"2025-12-27T16:51:15","date_gmt":"2025-12-27T16:51:15","guid":{"rendered":"https:\/\/www.europesays.com\/pt\/204781\/"},"modified":"2025-12-27T16:51:15","modified_gmt":"2025-12-27T16:51:15","slug":"montenegro-de-ferias-ate-sexta-feira-e-substituido-por-rangel-e-depois-por-sarmento","status":"publish","type":"post","link":"https:\/\/www.europesays.com\/pt\/204781\/","title":{"rendered":"Montenegro de f\u00e9rias at\u00e9 sexta-feira \u00e9 substitu\u00eddo por Rangel e depois por Sarmento"},"content":{"rendered":"<p>O primeiro-ministro, Lu\u00eds Montenegro, vai estar de f\u00e9rias at\u00e9 sexta-feira e ser\u00e1 substitu\u00eddo inicialmente pelo ministro de Estado e dos Neg\u00f3cios Estrangeiros, Paulo Rangel, e depois pelo ministro de Estado e das Finan\u00e7as, Joaquim Miranda Sarmento.<\/p>\n<p>Segundo informa\u00e7\u00e3o adiantada \u00e0 Lusa por fonte oficial do gabinete do primeiro-ministro, Lu\u00eds Montenegro vai estar estes dias de f\u00e9rias com a fam\u00edlia.<\/p>\n<p>At\u00e9 ter\u00e7a-feira, a substitui\u00e7\u00e3o do chefe do executivo ser\u00e1 assegurada por Paulo Rangel.<\/p>\n<p>Depois desse dia e at\u00e9 ao final deste per\u00edodo de descanso de Montenegro ser\u00e1 Miranda Sarmento a assumir essa responsabilidade.<\/p>\n","protected":false},"excerpt":{"rendered":"O primeiro-ministro, Lu\u00eds Montenegro, vai estar de f\u00e9rias at\u00e9 sexta-feira e ser\u00e1 substitu\u00eddo inicialmente pelo ministro de Estado&hellip;\n","protected":false},"author":2,"featured_media":204782,"comment_status":"","ping_status":"","sticky":false,"template":"","format":"standard","meta":{"footnotes":""},"categories":[8],"tags":[27,28,15,16,3755,14,25,26,1447,21,22,12,13,19,20,32,3610,23,24,33,17,18,29,30,31],"class_list":{"0":"post-204781","1":"post","2":"type-post","3":"status-publish","4":"format-standard","5":"has-post-thumbnail","7":"category-principais-noticias","8":"tag-breaking-news","9":"tag-breakingnews","10":"tag-featured-news","11":"tag-featurednews","12":"tag-ferias","13":"tag-headlines","14":"tag-latest-news","15":"tag-latestnews","16":"tag-luis-montenegro","17":"tag-main-news","18":"tag-mainnews","19":"tag-news","20":"tag-noticias","21":"tag-noticias-principais","22":"tag-noticiasprincipais","23":"tag-portugal","24":"tag-primeiro-ministro","25":"tag-principais-noticias","26":"tag-principaisnoticias","27":"tag-pt","28":"tag-top-stories","29":"tag-topstories","30":"tag-ultimas","31":"tag-ultimas-noticias","32":"tag-ultimasnoticias"},"share_on_mastodon":{"url":"https:\/\/pubeurope.com\/@pt\/115792569122478542","error":""},"_links":{"self":[{"href":"https:\/\/www.europesays.com\/pt\/wp-json\/wp\/v2\/posts\/204781","targetHints":{"allow":["GET"]}}],"collection":[{"href":"https:\/\/www.europesays.com\/pt\/wp-json\/wp\/v2\/posts"}],"about":[{"href":"https:\/\/www.europesays.com\/pt\/wp-json\/wp\/v2\/types\/post"}],"author":[{"embeddable":true,"href":"https:\/\/www.europesays.com\/pt\/wp-json\/wp\/v2\/users\/2"}],"replies":[{"embeddable":true,"href":"https:\/\/www.europesays.com\/pt\/wp-json\/wp\/v2\/comments?post=204781"}],"version-history":[{"count":0,"href":"https:\/\/www.europesays.com\/pt\/wp-json\/wp\/v2\/posts\/204781\/revisions"}],"wp:featuredmedia":[{"embeddable":true,"href":"https:\/\/www.europesays.com\/pt\/wp-json\/wp\/v2\/media\/204782"}],"wp:attachment":[{"href":"https:\/\/www.europesays.com\/pt\/wp-json\/wp\/v2\/media?parent=204781"}],"wp:term":[{"taxonomy":"category","embeddable":true,"href":"https:\/\/www.europesays.com\/pt\/wp-json\/wp\/v2\/categories?post=204781"},{"taxonomy":"post_tag","embeddable":true,"href":"https:\/\/www.europesays.com\/pt\/wp-json\/wp\/v2\/tags?post=204781"}],"curies":[{"name":"wp","href":"https:\/\/api.w.org\/{rel}","templated":true}]}}