{"id":204788,"date":"2025-12-27T16:57:08","date_gmt":"2025-12-27T16:57:08","guid":{"rendered":"https:\/\/www.europesays.com\/pt\/204788\/"},"modified":"2025-12-27T16:57:08","modified_gmt":"2025-12-27T16:57:08","slug":"cara-de-barro-tera-forte-inspiracao-em-hq-favorita-dos-fas-diz-rumor","status":"publish","type":"post","link":"https:\/\/www.europesays.com\/pt\/204788\/","title":{"rendered":"Cara-de-Barro ter\u00e1 forte inspira\u00e7\u00e3o em HQ favorita dos f\u00e3s, diz rumor"},"content":{"rendered":"<p class=\"wp-block-yoast-seo-estimated-reading-time yoast-reading-time__wrapper\">Estimated reading time: 3 minutos<\/p>\n<p>O <a href=\"https:\/\/ovicio.com.br\/tag\/cara-de-barro\" target=\"_blank\" rel=\"noreferrer noopener nofollow\">Cara-de-Barro<\/a> n\u00e3o \u00e9 destaque em muitos quadrinhos famosos, mas os f\u00e3s tem um favorito: <strong>Um Dia Ruim<\/strong>, de <strong>Colin Kelly<\/strong>, <strong>Jackson Lanzi<\/strong> e <strong>Xermanico<\/strong>.<\/p>\n<p>Segundo o confi\u00e1vel insider<strong> Apocalyptic Horseman<\/strong>, o vindouro filme do vil\u00e3o ter\u00e1 uma forte inspira\u00e7\u00e3o na graphic novel.<\/p>\n<p><strong>Cara-de-Barro: Um Dia Ruim<\/strong> mostra <strong>Basil Karlo\u00a0<\/strong>saindo de Gotham e tentando uma vida nova em Los Angeles. Ele recebe uma segunda chance do <strong>Batman<\/strong>, mas acaba sucumbindo ao ego e a vaidade mediante a dificuldade de conseguir pap\u00e9is em Hollywood.<\/p>\n<p><strong>Basil\u00a0<\/strong>se aproxima de outros atores, tira a vida deles e assume suas identidades para tentar alavancar a carreira. Como ele n\u00e3o consegue, a situa\u00e7\u00e3o acaba saindo do controle e vira um caos de assassinatos em s\u00e9rie, o que for\u00e7a o\u00a0<strong>Batman\u00a0<\/strong>a viajar para a Calif\u00f3rnia para resolver o caso.<\/p>\n<p>A HQ aborda um elemento importante na rela\u00e7\u00e3o do\u00a0<strong>Batman\u00a0<\/strong>com\u00a0<strong>Basil Karlo<\/strong>\u00a0e\u00a0<strong>Matt Hagen\u00a0<\/strong>(as origens dos dois j\u00e1 foram misturadas em v\u00e1rias m\u00eddias): o Homem-Morcego tem compaix\u00e3o pela origem tr\u00e1gica do\u00a0<strong>Cara-de-Barro<\/strong>\u00a0e, sempre que poss\u00edvel, oferece uma nova chance para o vil\u00e3o corrigir o rumo de sua vida.<\/p>\n<p>Obviamente, o fato de a HQ inspirar o filme n\u00e3o quer dizer que o <strong>Batman <\/strong>estar\u00e1 nele, mas que podemos ver elementos da obra na trama, como o<strong> Cara-de-Barro <\/strong>matar outros atores para assumir suas identidades.<\/p>\n<p>Vale ressaltar que o <strong>Cara-de-Barro <\/strong>do filme ser\u00e1 <strong>Matt Hagen<\/strong>, um ator frustrado que tentar\u00e1 a vida fora de Gotham ap\u00f3s passar por uma trag\u00e9dia que desfigurou seu rosto na cidade.<\/p>\n<p>Tamb\u00e9m refor\u00e7o que \u00e9 prudente tratar o relato de <strong>Apocalyptic <\/strong>como um rumor, embora ele seja um insider muito confi\u00e1vel.<\/p>\n<p>Dirigido por <strong>James Watkins<\/strong>\u00a0(N\u00e3o Fale o Mal), <strong>Cara-de-Barro (2026)<\/strong>\u00a0chegar\u00e1 aos cinemas em 10 de setembro. O filme ser\u00e1 um body horror\u00a0para maiores.<\/p>\n<p>Leia mais sobre Cara-de-Barro:<\/p>\n<p><strong>Fonte:<\/strong> <a href=\"https:\/\/x.com\/ApocHorseman\/status\/2004324954280796513?s=20\" target=\"_blank\" rel=\"noreferrer noopener nofollow\">X\/Twitter<\/a><\/p>\n","protected":false},"excerpt":{"rendered":"Estimated reading time: 3 minutos O Cara-de-Barro n\u00e3o \u00e9 destaque em muitos quadrinhos famosos, mas os f\u00e3s tem&hellip;\n","protected":false},"author":2,"featured_media":204789,"comment_status":"","ping_status":"","sticky":false,"template":"","format":"standard","meta":{"footnotes":""},"categories":[140],"tags":[1948,37692,7319,114,115,147,148,7320,15632,14901,15637,146,32,33,37693,37694,37695],"class_list":{"0":"post-204788","1":"post","2":"type-post","3":"status-publish","4":"format-standard","5":"has-post-thumbnail","7":"category-filmes","8":"tag-batman","9":"tag-cara-de-barro","10":"tag-dc-studios","11":"tag-entertainment","12":"tag-entretenimento","13":"tag-film","14":"tag-filmes","15":"tag-james-gunn","16":"tag-james-watkins","17":"tag-matt-reeves","18":"tag-mike-flanagan","19":"tag-movies","20":"tag-portugal","21":"tag-pt","22":"tag-tom-rhys-harries","23":"tag-warner-bros-company","24":"tag-warner-bros-pictures"},"share_on_mastodon":{"url":"https:\/\/pubeurope.com\/@pt\/115792592467113858","error":""},"_links":{"self":[{"href":"https:\/\/www.europesays.com\/pt\/wp-json\/wp\/v2\/posts\/204788","targetHints":{"allow":["GET"]}}],"collection":[{"href":"https:\/\/www.europesays.com\/pt\/wp-json\/wp\/v2\/posts"}],"about":[{"href":"https:\/\/www.europesays.com\/pt\/wp-json\/wp\/v2\/types\/post"}],"author":[{"embeddable":true,"href":"https:\/\/www.europesays.com\/pt\/wp-json\/wp\/v2\/users\/2"}],"replies":[{"embeddable":true,"href":"https:\/\/www.europesays.com\/pt\/wp-json\/wp\/v2\/comments?post=204788"}],"version-history":[{"count":0,"href":"https:\/\/www.europesays.com\/pt\/wp-json\/wp\/v2\/posts\/204788\/revisions"}],"wp:featuredmedia":[{"embeddable":true,"href":"https:\/\/www.europesays.com\/pt\/wp-json\/wp\/v2\/media\/204789"}],"wp:attachment":[{"href":"https:\/\/www.europesays.com\/pt\/wp-json\/wp\/v2\/media?parent=204788"}],"wp:term":[{"taxonomy":"category","embeddable":true,"href":"https:\/\/www.europesays.com\/pt\/wp-json\/wp\/v2\/categories?post=204788"},{"taxonomy":"post_tag","embeddable":true,"href":"https:\/\/www.europesays.com\/pt\/wp-json\/wp\/v2\/tags?post=204788"}],"curies":[{"name":"wp","href":"https:\/\/api.w.org\/{rel}","templated":true}]}}