{"id":204798,"date":"2025-12-27T17:05:14","date_gmt":"2025-12-27T17:05:14","guid":{"rendered":"https:\/\/www.europesays.com\/pt\/204798\/"},"modified":"2025-12-27T17:05:14","modified_gmt":"2025-12-27T17:05:14","slug":"psp-agradece-gesto-de-turistas-que-se-perderam-num-trilho-e-brindaram-agentes-envolvidos-no-resgate","status":"publish","type":"post","link":"https:\/\/www.europesays.com\/pt\/204798\/","title":{"rendered":"PSP agradece gesto de turistas que se perderam num trilho e brindaram agentes envolvidos no resgate"},"content":{"rendered":"\n<p class=\"p_0\">O Comando Regional da PSP da Madeira publicou, esta manh\u00e3, uma nota de agradecimento a dois turistas que se perderam num trilho e fizeram quest\u00e3o de presentear os agentes envolvidos no resgate.<\/p>\n<p class=\"p_1\">Recordando que, em outubro, \u201cdois cidad\u00e3os encontravam-se a realizar um percurso pedestre recomendado (PR17) quando, a determinada altura, sa\u00edram inadvertidamente do trilho, numa zona aparentemente demarcada, acabando por se desorientar\u201d, o Comando d\u00e1 conta de que, como forma de agradecimento, os cidad\u00e3os enviaram uma caixa com produtos do seu pa\u00eds a cada uma das entidades envolvidas.<\/p>\n<p class=\"p_2\">Este gesto simb\u00f3lico, \u00e9 para a PSP, \u201cprofundamente significativo\u201d e que \u201crefor\u00e7a o valor do trabalho em equipa, da coopera\u00e7\u00e3o interinstitucional e da dedica\u00e7\u00e3o di\u00e1ria ao servi\u00e7o da comunidade\u201d.<\/p>\n","protected":false},"excerpt":{"rendered":"O Comando Regional da PSP da Madeira publicou, esta manh\u00e3, uma nota de agradecimento a dois turistas que&hellip;\n","protected":false},"author":2,"featured_media":204799,"comment_status":"","ping_status":"","sticky":false,"template":"","format":"standard","meta":{"footnotes":""},"categories":[50],"tags":[27,28,15,16,14,25,26,4000,21,22,62,12,13,19,20,23,24,17,18,29,30,31,63,64,65],"class_list":{"0":"post-204798","1":"post","2":"type-post","3":"status-publish","4":"format-standard","5":"has-post-thumbnail","7":"category-mundo","8":"tag-breaking-news","9":"tag-breakingnews","10":"tag-featured-news","11":"tag-featurednews","12":"tag-headlines","13":"tag-latest-news","14":"tag-latestnews","15":"tag-ligia-neves","16":"tag-main-news","17":"tag-mainnews","18":"tag-mundo","19":"tag-news","20":"tag-noticias","21":"tag-noticias-principais","22":"tag-noticiasprincipais","23":"tag-principais-noticias","24":"tag-principaisnoticias","25":"tag-top-stories","26":"tag-topstories","27":"tag-ultimas","28":"tag-ultimas-noticias","29":"tag-ultimasnoticias","30":"tag-world","31":"tag-world-news","32":"tag-worldnews"},"share_on_mastodon":{"url":"https:\/\/pubeurope.com\/@pt\/115792624020631710","error":""},"_links":{"self":[{"href":"https:\/\/www.europesays.com\/pt\/wp-json\/wp\/v2\/posts\/204798","targetHints":{"allow":["GET"]}}],"collection":[{"href":"https:\/\/www.europesays.com\/pt\/wp-json\/wp\/v2\/posts"}],"about":[{"href":"https:\/\/www.europesays.com\/pt\/wp-json\/wp\/v2\/types\/post"}],"author":[{"embeddable":true,"href":"https:\/\/www.europesays.com\/pt\/wp-json\/wp\/v2\/users\/2"}],"replies":[{"embeddable":true,"href":"https:\/\/www.europesays.com\/pt\/wp-json\/wp\/v2\/comments?post=204798"}],"version-history":[{"count":0,"href":"https:\/\/www.europesays.com\/pt\/wp-json\/wp\/v2\/posts\/204798\/revisions"}],"wp:featuredmedia":[{"embeddable":true,"href":"https:\/\/www.europesays.com\/pt\/wp-json\/wp\/v2\/media\/204799"}],"wp:attachment":[{"href":"https:\/\/www.europesays.com\/pt\/wp-json\/wp\/v2\/media?parent=204798"}],"wp:term":[{"taxonomy":"category","embeddable":true,"href":"https:\/\/www.europesays.com\/pt\/wp-json\/wp\/v2\/categories?post=204798"},{"taxonomy":"post_tag","embeddable":true,"href":"https:\/\/www.europesays.com\/pt\/wp-json\/wp\/v2\/tags?post=204798"}],"curies":[{"name":"wp","href":"https:\/\/api.w.org\/{rel}","templated":true}]}}