{"id":204806,"date":"2025-12-27T17:11:09","date_gmt":"2025-12-27T17:11:09","guid":{"rendered":"https:\/\/www.europesays.com\/pt\/204806\/"},"modified":"2025-12-27T17:11:09","modified_gmt":"2025-12-27T17:11:09","slug":"liliana-faz-revelacoes-chocantes-sobre-ze-no-brasil-foi-terrivel-acordo-as-4h-da-manha-secret-story","status":"publish","type":"post","link":"https:\/\/www.europesays.com\/pt\/204806\/","title":{"rendered":"Liliana faz revela\u00e7\u00f5es \u2018chocantes\u2019 sobre Z\u00e9 no Brasil: \u00abFoi terr\u00edvel (\u2026) acordo \u00e0s 4h da manh\u00e3\u00bb &#8211; Secret Story"},"content":{"rendered":"<p>No Secret Story 9, Liliana faz revela\u00e7\u00f5es in\u00e9ditas e chocantes sobre Z\u00e9, quando eles foram viver para o Brasil.\u00a0<\/p>\n<p><strong>Vote para salvar o seu concorrente preferido. E pode faz\u00ea-lo quer atrav\u00e9s das linhas telef\u00f3nicas, quer atrav\u00e9s da APP do TVI reality:\u00a0<\/strong><\/p>\n<p>Pedro &#8211; 761 20 20 18<br \/>Leandro &#8211; 761 20 20 12<br \/>In\u00eas &#8211; 761 20 20 10<\/p>\n<p><a href=\"https:\/\/tvi.iol.pt\/secretstory\/aominuto\" wbo-id=\"32\" rel=\"nofollow noopener\" target=\"_blank\">Veja aqui tudo o que se passa na casa do Secret Story 9!<\/a><\/p>\n","protected":false},"excerpt":{"rendered":"No Secret Story 9, Liliana faz revela\u00e7\u00f5es in\u00e9ditas e chocantes sobre Z\u00e9, quando eles foram viver para o&hellip;\n","protected":false},"author":2,"featured_media":204807,"comment_status":"","ping_status":"","sticky":false,"template":"","format":"standard","meta":{"footnotes":""},"categories":[142],"tags":[726,114,115,19033,19016,19034,32,33,151,19032,975],"class_list":{"0":"post-204806","1":"post","2":"type-post","3":"status-publish","4":"format-standard","5":"has-post-thumbnail","7":"category-tv","8":"tag-brasil","9":"tag-entertainment","10":"tag-entretenimento","11":"tag-galas-em-video","12":"tag-liliana","13":"tag-melhores-momentos-casa-dos-segredos","14":"tag-portugal","15":"tag-pt","16":"tag-tv","17":"tag-videos-secret-story-tvi","18":"tag-ze"},"share_on_mastodon":{"url":"https:\/\/pubeurope.com\/@pt\/115792647496312043","error":""},"_links":{"self":[{"href":"https:\/\/www.europesays.com\/pt\/wp-json\/wp\/v2\/posts\/204806","targetHints":{"allow":["GET"]}}],"collection":[{"href":"https:\/\/www.europesays.com\/pt\/wp-json\/wp\/v2\/posts"}],"about":[{"href":"https:\/\/www.europesays.com\/pt\/wp-json\/wp\/v2\/types\/post"}],"author":[{"embeddable":true,"href":"https:\/\/www.europesays.com\/pt\/wp-json\/wp\/v2\/users\/2"}],"replies":[{"embeddable":true,"href":"https:\/\/www.europesays.com\/pt\/wp-json\/wp\/v2\/comments?post=204806"}],"version-history":[{"count":0,"href":"https:\/\/www.europesays.com\/pt\/wp-json\/wp\/v2\/posts\/204806\/revisions"}],"wp:featuredmedia":[{"embeddable":true,"href":"https:\/\/www.europesays.com\/pt\/wp-json\/wp\/v2\/media\/204807"}],"wp:attachment":[{"href":"https:\/\/www.europesays.com\/pt\/wp-json\/wp\/v2\/media?parent=204806"}],"wp:term":[{"taxonomy":"category","embeddable":true,"href":"https:\/\/www.europesays.com\/pt\/wp-json\/wp\/v2\/categories?post=204806"},{"taxonomy":"post_tag","embeddable":true,"href":"https:\/\/www.europesays.com\/pt\/wp-json\/wp\/v2\/tags?post=204806"}],"curies":[{"name":"wp","href":"https:\/\/api.w.org\/{rel}","templated":true}]}}