{"id":204821,"date":"2025-12-27T17:20:12","date_gmt":"2025-12-27T17:20:12","guid":{"rendered":"https:\/\/www.europesays.com\/pt\/204821\/"},"modified":"2025-12-27T17:20:12","modified_gmt":"2025-12-27T17:20:12","slug":"gravida-e-crianca-gravemente-feridas-em-despiste-seguido-de-queda-em-guimaraes","status":"publish","type":"post","link":"https:\/\/www.europesays.com\/pt\/204821\/","title":{"rendered":"Gr\u00e1vida e crian\u00e7a gravemente feridas em despiste seguido de queda em Guimar\u00e3es"},"content":{"rendered":"<p data-remotead-prev-elm=\"true\" data-remotead-elm-id=\"inread\">O aparatoso acidente ocorreu por volta das 23 horas, numa rotunda pr\u00f3xima da Escola 2+3 Gil Vicente, no centro da cidade.<\/p>\n<p>A crian\u00e7a e a gr\u00e1vida foram assistidas no local pelas equipas de socorro, sendo que a menor foi transportada para o Hospital de S\u00e3o Jo\u00e3o, no Porto.<\/p>\n<p>A gr\u00e1vida, tamb\u00e9m em estado grave, foi levada para o Hospital de Guimar\u00e3es, assim como o condutor do autom\u00f3vel e uma mulher de 42 anos, feridos ligeiros.<\/p>\n","protected":false},"excerpt":{"rendered":"O aparatoso acidente ocorreu por volta das 23 horas, numa rotunda pr\u00f3xima da Escola 2+3 Gil Vicente, no&hellip;\n","protected":false},"author":2,"featured_media":204822,"comment_status":"","ping_status":"","sticky":false,"template":"","format":"standard","meta":{"footnotes":""},"categories":[10],"tags":[59,27,28,20262,15,16,14,25,26,21,22,12,13,19,20,32,23,24,33,17,18,29,30,31],"class_list":{"0":"post-204821","1":"post","2":"type-post","3":"status-publish","4":"format-standard","5":"has-post-thumbnail","7":"category-portugal","8":"tag-acidente","9":"tag-breaking-news","10":"tag-breakingnews","11":"tag-concelho-guimaraes","12":"tag-featured-news","13":"tag-featurednews","14":"tag-headlines","15":"tag-latest-news","16":"tag-latestnews","17":"tag-main-news","18":"tag-mainnews","19":"tag-news","20":"tag-noticias","21":"tag-noticias-principais","22":"tag-noticiasprincipais","23":"tag-portugal","24":"tag-principais-noticias","25":"tag-principaisnoticias","26":"tag-pt","27":"tag-top-stories","28":"tag-topstories","29":"tag-ultimas","30":"tag-ultimas-noticias","31":"tag-ultimasnoticias"},"share_on_mastodon":{"url":"https:\/\/pubeurope.com\/@pt\/115792682909453627","error":""},"_links":{"self":[{"href":"https:\/\/www.europesays.com\/pt\/wp-json\/wp\/v2\/posts\/204821","targetHints":{"allow":["GET"]}}],"collection":[{"href":"https:\/\/www.europesays.com\/pt\/wp-json\/wp\/v2\/posts"}],"about":[{"href":"https:\/\/www.europesays.com\/pt\/wp-json\/wp\/v2\/types\/post"}],"author":[{"embeddable":true,"href":"https:\/\/www.europesays.com\/pt\/wp-json\/wp\/v2\/users\/2"}],"replies":[{"embeddable":true,"href":"https:\/\/www.europesays.com\/pt\/wp-json\/wp\/v2\/comments?post=204821"}],"version-history":[{"count":0,"href":"https:\/\/www.europesays.com\/pt\/wp-json\/wp\/v2\/posts\/204821\/revisions"}],"wp:featuredmedia":[{"embeddable":true,"href":"https:\/\/www.europesays.com\/pt\/wp-json\/wp\/v2\/media\/204822"}],"wp:attachment":[{"href":"https:\/\/www.europesays.com\/pt\/wp-json\/wp\/v2\/media?parent=204821"}],"wp:term":[{"taxonomy":"category","embeddable":true,"href":"https:\/\/www.europesays.com\/pt\/wp-json\/wp\/v2\/categories?post=204821"},{"taxonomy":"post_tag","embeddable":true,"href":"https:\/\/www.europesays.com\/pt\/wp-json\/wp\/v2\/tags?post=204821"}],"curies":[{"name":"wp","href":"https:\/\/api.w.org\/{rel}","templated":true}]}}