{"id":204889,"date":"2025-12-27T18:23:16","date_gmt":"2025-12-27T18:23:16","guid":{"rendered":"https:\/\/www.europesays.com\/pt\/204889\/"},"modified":"2025-12-27T18:23:16","modified_gmt":"2025-12-27T18:23:16","slug":"mariana-rios-impressiona-ao-mostrar-quarto-e-lembrancinhas-da-maternidade","status":"publish","type":"post","link":"https:\/\/www.europesays.com\/pt\/204889\/","title":{"rendered":"Mariana Rios impressiona ao mostrar quarto e lembrancinhas da maternidade"},"content":{"rendered":"<p>A atriz <a href=\"https:\/\/caras.com.br\/tags\/mariana-rios\" rel=\"nofollow noopener\" target=\"_blank\"><strong>Mariana Rios<\/strong><\/a> compartilhou um v\u00eddeo mostrando como foi sua recep\u00e7\u00e3o na maternidade. Ap\u00f3s dar \u00e0 luz <strong>Palo<\/strong>, seu primeiro filho com o empres\u00e1rio <strong>Juca Diniz<\/strong>, a famosa ficou hospedada em um quarto com sala e que foi todo decorado especialmente para eles.<\/p>\n<p>Em sua rede social, a apresentadora exibiu cada detalhe e impressionou com suas escolhas. Para o momento, a artista apostou em cores claras e em itens bem delicados, tudo com o nome do beb\u00ea e inspirado em caracter\u00edsticas da fam\u00edlia. Desde a porta do quarto at\u00e9 a \u00e1gua servida, os convidados puderam sentir a emo\u00e7\u00e3o ao verem tudo com o nome do herdeiro da atriz.<\/p>\n<p>\u201cAh! Esse momento. Quero muito agradecer a todos que realizaram o projeto da maternidade preparando tudo com muito amor e cuidado\u201d, falou sobre ter contratado pessoas para cuidarem de tudo por ela.<\/p>\n<p>\u00c9 bom lembrar que Palo nasceu no dia 22 de dezembro, poucos dias antes das celebra\u00e7\u00f5es que encerram o ano. O menino \u00e9 considerado um milagre pela famosa, que tentou durante anos engravidar.<\/p>\n<p>\t Veja a recep\u00e7\u00e3o e lembrancinhas da maternidade de Mariana Rios: <\/p>\n<blockquote class=\"instagram-media\" style=\"background: #FFF; border: 0; border-radius: 3px; box-shadow: 0 0 1px 0 rgba(0,0,0,0.5),0 1px 10px 0 rgba(0,0,0,0.15); margin: 1px; max-width: 540px; min-width: 326px; padding: 0; width: calc(100% - 2px);\" data-instgrm-captioned=\"\" data-instgrm-permalink=\"https:\/\/www.instagram.com\/reel\/DSxTn44jvEx\/?utm_source=ig_embed&amp;utm_campaign=loading\" data-instgrm-version=\"14\"><\/blockquote>\n<p> Mariana Rios passa o primeiro Natal com o filho <\/p>\n<p>O filho de Mariana Rios e Juca Diniz nasceu no dia 22 de dezembro e os papais puderam passar o primeiro Natal ao lado do beb\u00ea. Na rede social, <a href=\"https:\/\/caras.com.br\/datas-especiais\/mariana-rios-encanta-ao-mostrar-foto-do-filho-recem-nascido-em-seu-primeiro-natal.phtml\" rel=\"nofollow noopener\" target=\"_blank\">ela encantou ao surgir com o beb\u00ea no colo ao lado da \u00e1rvore<\/a>, que teve uma decora\u00e7\u00e3o em homenagem ao rec\u00e9m-nascido.<\/p>\n<p> O an\u00fancio do nascimento de Palo <\/p>\n<p>Em seu perfil oficial, Mariana Rios compartilhou uma foto com o herdeiro nos bra\u00e7os logo ap\u00f3s o parto e dividiu o momento inesquec\u00edvel. \u201c22.12.2025. Palo Rios Botelho Diniz d\u2019Avila. Deus te aben\u00e7oe, meu filho!\u201d, escreveu a mam\u00e3e na legenda da publica\u00e7\u00e3o.<\/p>\n<blockquote class=\"instagram-media\" style=\"background: #FFF; border: 0; border-radius: 3px; box-shadow: 0 0 1px 0 rgba(0,0,0,0.5),0 1px 10px 0 rgba(0,0,0,0.15); margin: 1px; max-width: 540px; min-width: 326px; padding: 0; width: calc(100% - 2px);\" data-instgrm-captioned=\"\" data-instgrm-permalink=\"https:\/\/www.instagram.com\/p\/DSlHVW9Abl-\/?utm_source=ig_embed&amp;utm_campaign=loading\" data-instgrm-version=\"14\"><\/blockquote>\n<p>        <a href=\"https:\/\/caras.com.br\/autor\/nataly-paschoal\" rel=\"nofollow noopener\" target=\"_blank\">&#13;<br \/>\n          <img loading=\"lazy\" decoding=\"async\" alt=\"Nataly Paschoal\" src=\"https:\/\/www.europesays.com\/pt\/wp-content\/uploads\/2025\/12\/nataly-paschoal_sqmd.jpg\" class=\"avatar avatar-115 photo rounded-circle\" height=\"115\" width=\"115\"\/>        <\/a><\/p>\n<p><b>Nataly Paschoal <\/b>\u00e9 rep\u00f3rter de conte\u00fado do site CARAS. Formada em jornalismo pela Faculdade C\u00e1sper L\u00edbero, ela j\u00e1 passou por sites como Todateen, Sportlife e espnW. Escreve sobre celebridades, TV, reality show e novelas.<\/p>\n<p>\t                                            <script async src=\"\/\/www.instagram.com\/embed.js\"><\/script><\/p>\n","protected":false},"excerpt":{"rendered":"A atriz Mariana Rios compartilhou um v\u00eddeo mostrando como foi sua recep\u00e7\u00e3o na maternidade. Ap\u00f3s dar \u00e0 luz&hellip;\n","protected":false},"author":2,"featured_media":204890,"comment_status":"","ping_status":"","sticky":false,"template":"","format":"standard","meta":{"footnotes":"","_share_on_mastodon":"0"},"categories":[145],"tags":[211,210,114,115,40521,2211,15957,32,33],"class_list":["post-204889","post","type-post","status-publish","format-standard","has-post-thumbnail","category-celebridades","tag-celebridades","tag-celebrities","tag-entertainment","tag-entretenimento","tag-filho-mariana-rios","tag-mariana-rios","tag-palo","tag-portugal","tag-pt"],"share_on_mastodon":{"url":"https:\/\/pubeurope.com\/@pt\/115792931137167687","error":""},"_links":{"self":[{"href":"https:\/\/www.europesays.com\/pt\/wp-json\/wp\/v2\/posts\/204889","targetHints":{"allow":["GET"]}}],"collection":[{"href":"https:\/\/www.europesays.com\/pt\/wp-json\/wp\/v2\/posts"}],"about":[{"href":"https:\/\/www.europesays.com\/pt\/wp-json\/wp\/v2\/types\/post"}],"author":[{"embeddable":true,"href":"https:\/\/www.europesays.com\/pt\/wp-json\/wp\/v2\/users\/2"}],"replies":[{"embeddable":true,"href":"https:\/\/www.europesays.com\/pt\/wp-json\/wp\/v2\/comments?post=204889"}],"version-history":[{"count":0,"href":"https:\/\/www.europesays.com\/pt\/wp-json\/wp\/v2\/posts\/204889\/revisions"}],"wp:featuredmedia":[{"embeddable":true,"href":"https:\/\/www.europesays.com\/pt\/wp-json\/wp\/v2\/media\/204890"}],"wp:attachment":[{"href":"https:\/\/www.europesays.com\/pt\/wp-json\/wp\/v2\/media?parent=204889"}],"wp:term":[{"taxonomy":"category","embeddable":true,"href":"https:\/\/www.europesays.com\/pt\/wp-json\/wp\/v2\/categories?post=204889"},{"taxonomy":"post_tag","embeddable":true,"href":"https:\/\/www.europesays.com\/pt\/wp-json\/wp\/v2\/tags?post=204889"}],"curies":[{"name":"wp","href":"https:\/\/api.w.org\/{rel}","templated":true}]}}