{"id":204905,"date":"2025-12-27T18:35:20","date_gmt":"2025-12-27T18:35:20","guid":{"rendered":"https:\/\/www.europesays.com\/pt\/204905\/"},"modified":"2025-12-27T18:35:20","modified_gmt":"2025-12-27T18:35:20","slug":"ines-abriu-o-seu-cafe-no-natal-contra-a-solidao-e-ficou-de-coracao-cheio-natal","status":"publish","type":"post","link":"https:\/\/www.europesays.com\/pt\/204905\/","title":{"rendered":"In\u00eas abriu o seu caf\u00e9 no Natal \u201ccontra a solid\u00e3o\u201d e ficou de \u201ccora\u00e7\u00e3o cheio\u201d | Natal"},"content":{"rendered":"<p>\u201cO melhor Natal da minha vida!\u201d. In\u00eas Neto ouviu esta frase de duas pessoas que participaram na <a href=\"https:\/\/www.publico.pt\/2025\/12\/16\/fugas\/noticia\/solidao-ines-oferece-ceia-natal-cafe-sao-bemvindos-2158258\" target=\"_blank\" rel=\"nofollow noopener\">ceia de Natal solid\u00e1ria <\/a>que a pr\u00f3pria organizou no Flor de Caf\u00e9, em Meixomil, Pa\u00e7os de Ferreira. \u201cFoi maravilhoso, era mesmo isto que eu pretendia e da mesma maneira que foi o melhor Natal daquelas pessoas, foi tamb\u00e9m o meu\u201d, conta \u00e0 Fugas com \u201ca sensa\u00e7\u00e3o de dever cumprido\u201d.<\/p>\n<p>In\u00eas Neto garante que com esta iniciativa realizou \u201co sonho de tornar o Natal melhor para quem est\u00e1 sozinho\u201d e sentiu o &#8220;cora\u00e7\u00e3o cheio&#8221;. Compareceram 42 pessoas, embora estivessem inscritas 60. A vergonha e a desconfian\u00e7a s\u00e3o para In\u00eas Neto a explica\u00e7\u00e3o para a aus\u00eancia.<\/p>\n<p>\u201cAs pessoas n\u00e3o est\u00e3o habituadas a receber ajuda nem a actos de bondade e esse at\u00e9 foi um dos temas de conversa durante o jantar\u201d, afirma a organizadora, que conta que dez minutos antes da hora um casal j\u00e1 inscrito telefonou-lhe para confirmar se haveria mesmo a consoada. \u201cPensavam que poderia ser uma burla\u201d, diz.<\/p>\n<p>Como vieram menos pessoas e In\u00eas Neto tinha feito comida a contar que pudessem aparecer mais, houve sobras, mas no Flor de Caf\u00e9 nada se estraga. \u201cDoei a comida e os doces que sobraram\u201d, esclarece. J\u00e1 os vinhos e os sumos ser\u00e3o leiloados no caf\u00e9 para angariar fundos para uma campanha de apoio aos cuidados m\u00e9dicos de &#8220;uma menina de S\u00e3o Martinho do Campo&#8221; &#8211; os tratamentos, diz In\u00eas, &#8220;custam 2700 euros por m\u00eas&#8221; e nem todos os custos &#8220;s\u00e3o cobertos pelo Estado&#8221;. \u201cJ\u00e1 temos um mealheiro cheio no caf\u00e9 para a menina e com este leil\u00e3o conseguiremos ajudar mais, pelo menos para garantir um m\u00eas de tratamentos\u201d, afirma In\u00eas Neto.<\/p>\n<p>A propriet\u00e1ria do Flor de Caf\u00e9 reitera o seu compromisso de continuar a \u201cfazer o bem\u201d e incentiva \u201cquem souber de fam\u00edlias necessitadas&#8221; a contact\u00e1-la. O que j\u00e1 est\u00e1 confirmado \u00e9 o jantar de Natal solid\u00e1rio de 2026. &#8220;Para o ano h\u00e1 mais, j\u00e1 n\u00e3o deve ser \u00e9 no caf\u00e9, pois tenho a certeza que mais pessoas vir\u00e3o, pois j\u00e1 h\u00e1 o exemplo deste ano e, assim, as pessoas sabem que a iniciativa \u00e9 genu\u00edna\u201d.<\/p>\n<p>Al\u00e9m da comida, a ceia solid\u00e1ria teve m\u00fasica, prendas e \u201cum forte sentido de comunidade\u201d. \u201cFazer bem \u00e0s pessoas \u00e9 a melhor coisa. Foi maravilhoso\u201d, conclui In\u00eas Neto.<\/p>\n","protected":false},"excerpt":{"rendered":"\u201cO melhor Natal da minha vida!\u201d. In\u00eas Neto ouviu esta frase de duas pessoas que participaram na ceia&hellip;\n","protected":false},"author":2,"featured_media":204906,"comment_status":"","ping_status":"","sticky":false,"template":"","format":"standard","meta":{"footnotes":""},"categories":[10],"tags":[27,28,15,16,287,14,25,26,21,22,7561,12,13,19,20,26633,542,32,23,24,33,2503,6543,17,18,29,30,31],"class_list":{"0":"post-204905","1":"post","2":"type-post","3":"status-publish","4":"format-standard","5":"has-post-thumbnail","7":"category-portugal","8":"tag-breaking-news","9":"tag-breakingnews","10":"tag-featured-news","11":"tag-featurednews","12":"tag-fugas","13":"tag-headlines","14":"tag-latest-news","15":"tag-latestnews","16":"tag-main-news","17":"tag-mainnews","18":"tag-natal","19":"tag-news","20":"tag-noticias","21":"tag-noticias-principais","22":"tag-noticiasprincipais","23":"tag-pacos-de-ferreira","24":"tag-para-redes","25":"tag-portugal","26":"tag-principais-noticias","27":"tag-principaisnoticias","28":"tag-pt","29":"tag-restauracao","30":"tag-solidariedade","31":"tag-top-stories","32":"tag-topstories","33":"tag-ultimas","34":"tag-ultimas-noticias","35":"tag-ultimasnoticias"},"share_on_mastodon":{"url":"https:\/\/pubeurope.com\/@pt\/115792978165644422","error":""},"_links":{"self":[{"href":"https:\/\/www.europesays.com\/pt\/wp-json\/wp\/v2\/posts\/204905","targetHints":{"allow":["GET"]}}],"collection":[{"href":"https:\/\/www.europesays.com\/pt\/wp-json\/wp\/v2\/posts"}],"about":[{"href":"https:\/\/www.europesays.com\/pt\/wp-json\/wp\/v2\/types\/post"}],"author":[{"embeddable":true,"href":"https:\/\/www.europesays.com\/pt\/wp-json\/wp\/v2\/users\/2"}],"replies":[{"embeddable":true,"href":"https:\/\/www.europesays.com\/pt\/wp-json\/wp\/v2\/comments?post=204905"}],"version-history":[{"count":0,"href":"https:\/\/www.europesays.com\/pt\/wp-json\/wp\/v2\/posts\/204905\/revisions"}],"wp:featuredmedia":[{"embeddable":true,"href":"https:\/\/www.europesays.com\/pt\/wp-json\/wp\/v2\/media\/204906"}],"wp:attachment":[{"href":"https:\/\/www.europesays.com\/pt\/wp-json\/wp\/v2\/media?parent=204905"}],"wp:term":[{"taxonomy":"category","embeddable":true,"href":"https:\/\/www.europesays.com\/pt\/wp-json\/wp\/v2\/categories?post=204905"},{"taxonomy":"post_tag","embeddable":true,"href":"https:\/\/www.europesays.com\/pt\/wp-json\/wp\/v2\/tags?post=204905"}],"curies":[{"name":"wp","href":"https:\/\/api.w.org\/{rel}","templated":true}]}}