{"id":204910,"date":"2025-12-27T18:40:13","date_gmt":"2025-12-27T18:40:13","guid":{"rendered":"https:\/\/www.europesays.com\/pt\/204910\/"},"modified":"2025-12-27T18:40:13","modified_gmt":"2025-12-27T18:40:13","slug":"conversa-entre-pedro-e-marisa-comeca-bem-mas-acaba-com-ele-a-cantar-aos-berros-na-casa-de-banho-secret-story","status":"publish","type":"post","link":"https:\/\/www.europesays.com\/pt\/204910\/","title":{"rendered":"Conversa entre Pedro e Marisa come\u00e7a bem, mas acaba com ele a cantar aos berros na casa de banho &#8211; Secret Story"},"content":{"rendered":"<p>No Di\u00e1rio de Fim de semana do Secret Story 9, Pedro e Marisa conversam e tudo come\u00e7a bem, mas n\u00e3o demora muito at\u00e9 que descambe e os gritos se fa\u00e7am ouvir.\u00a0<\/p>\n<p><strong>Vote para salvar o seu concorrente preferido. E pode faz\u00ea-lo quer atrav\u00e9s das linhas telef\u00f3nicas, quer atrav\u00e9s da APP do TVI reality:\u00a0<\/strong><\/p>\n<p>Pedro &#8211; 761 20 20 18<br \/>Leandro &#8211; 761 20 20 12<br \/>In\u00eas &#8211; 761 20 20 10<\/p>\n<p><a href=\"https:\/\/tvi.iol.pt\/secretstory\/aominuto\" wbo-id=\"32\" rel=\"nofollow noopener\" target=\"_blank\">Veja aqui tudo o que se passa na casa do Secret Story 9!<\/a><\/p>\n","protected":false},"excerpt":{"rendered":"No Di\u00e1rio de Fim de semana do Secret Story 9, Pedro e Marisa conversam e tudo come\u00e7a bem,&hellip;\n","protected":false},"author":2,"featured_media":204911,"comment_status":"","ping_status":"","sticky":false,"template":"","format":"standard","meta":{"footnotes":""},"categories":[142],"tags":[19374,19373,114,115,19184,14646,19375,32,33,151],"class_list":{"0":"post-204910","1":"post","2":"type-post","3":"status-publish","4":"format-standard","5":"has-post-thumbnail","7":"category-tv","8":"tag-confrontos-concorrentes","9":"tag-discussoes-secret-story","10":"tag-entertainment","11":"tag-entretenimento","12":"tag-marisa","13":"tag-pedro","14":"tag-polemicas","15":"tag-portugal","16":"tag-pt","17":"tag-tv"},"share_on_mastodon":{"url":"https:\/\/pubeurope.com\/@pt\/115792997680007419","error":""},"_links":{"self":[{"href":"https:\/\/www.europesays.com\/pt\/wp-json\/wp\/v2\/posts\/204910","targetHints":{"allow":["GET"]}}],"collection":[{"href":"https:\/\/www.europesays.com\/pt\/wp-json\/wp\/v2\/posts"}],"about":[{"href":"https:\/\/www.europesays.com\/pt\/wp-json\/wp\/v2\/types\/post"}],"author":[{"embeddable":true,"href":"https:\/\/www.europesays.com\/pt\/wp-json\/wp\/v2\/users\/2"}],"replies":[{"embeddable":true,"href":"https:\/\/www.europesays.com\/pt\/wp-json\/wp\/v2\/comments?post=204910"}],"version-history":[{"count":0,"href":"https:\/\/www.europesays.com\/pt\/wp-json\/wp\/v2\/posts\/204910\/revisions"}],"wp:featuredmedia":[{"embeddable":true,"href":"https:\/\/www.europesays.com\/pt\/wp-json\/wp\/v2\/media\/204911"}],"wp:attachment":[{"href":"https:\/\/www.europesays.com\/pt\/wp-json\/wp\/v2\/media?parent=204910"}],"wp:term":[{"taxonomy":"category","embeddable":true,"href":"https:\/\/www.europesays.com\/pt\/wp-json\/wp\/v2\/categories?post=204910"},{"taxonomy":"post_tag","embeddable":true,"href":"https:\/\/www.europesays.com\/pt\/wp-json\/wp\/v2\/tags?post=204910"}],"curies":[{"name":"wp","href":"https:\/\/api.w.org\/{rel}","templated":true}]}}