{"id":204913,"date":"2025-12-27T18:42:10","date_gmt":"2025-12-27T18:42:10","guid":{"rendered":"https:\/\/www.europesays.com\/pt\/204913\/"},"modified":"2025-12-27T18:42:10","modified_gmt":"2025-12-27T18:42:10","slug":"alicia-vikander-retoma-legado-de-tomb-raider-em-filme-eletrizante-na-netflix","status":"publish","type":"post","link":"https:\/\/www.europesays.com\/pt\/204913\/","title":{"rendered":"Alicia Vikander retoma legado de Tomb Raider em filme eletrizante na Netflix"},"content":{"rendered":"<p>\u201cTomb Raider: A Origem\u201d parte de uma decis\u00e3o clara: desmontar a aura quase m\u00edtica associada a Lara Croft e reconstru\u00ed-la como algu\u00e9m ainda em forma\u00e7\u00e3o. A narrativa acompanha Lara antes do sobrenome virar marca. Ela vive em Londres, recusa a heran\u00e7a do pai desaparecido e insiste numa rotina de sobreviv\u00eancia pr\u00e1tica, feita de trabalhos prec\u00e1rios e resist\u00eancia f\u00edsica. Alicia Vikander assume a personagem sem tentar dialogar com vers\u00f5es anteriores. Sua Lara n\u00e3o domina o espa\u00e7o; reage a ele. A proposta \u00e9 racional e coerente, mas desde o in\u00edcio fica evidente que o filme prefere explicar essa escolha a explor\u00e1-la dramaticamente. O ponto de partida \u00e9 s\u00f3lido, ainda que excessivamente funcional.<\/p>\n<p>A jornada se define quando Lara aceita investigar o destino de Richard Croft, vivido por Dominic West. O conflito central n\u00e3o \u00e9 apenas geogr\u00e1fico, mas ideol\u00f3gico: seguir o pai significa aceitar uma identidade que ela tentou negar. O roteiro estrutura essa passagem como rito de inicia\u00e7\u00e3o, deslocando Lara para uma ilha dominada por um grupo paramilitar em busca do t\u00famulo de Himiko. A progress\u00e3o, por\u00e9m, \u00e9 linear demais. Os desafios f\u00edsicos n\u00e3o se traduzem em dilemas morais consistentes. Lara apanha, cai, insiste, mas raramente decide. A transforma\u00e7\u00e3o existe, mas ocorre por ac\u00famulo mec\u00e2nico de obst\u00e1culos, n\u00e3o por tens\u00e3o interna elaborada.<\/p>\n<p>Espa\u00e7o, ritmo e limita\u00e7\u00f5es<\/p>\n<p id=\"h-espaco-ritmo-e-limitacoes-ao-concentrar-quase-toda-a-acao-em-um-unico-territorio-o-filme-reduz-sua-propria-escala-a-ilha-funciona-como-cenario-fixo-nao-como-forca-narrativa-a-sensacao-de-descoberta-se-dilui-e-a-trama-entra-num-ritmo-repetitivo-mathias-vogel-interpretado-por-walton-goggins-lidera-a-oposicao-de-forma-eficiente-porem-previsivel-seu-antagonismo-se-baseia-na-insistencia-nao-na-ameaca-simbolica-falta-contraste-entre-o-que-lara-teme-perder-e-o-que-ele-deseja-conquistar-a-narrativa-avanca-mas-sem-variacoes-suficientes-para-sustentar-duas-horas-de-duracao\">Ao concentrar quase toda a a\u00e7\u00e3o em um \u00fanico territ\u00f3rio, o filme reduz sua pr\u00f3pria escala. A ilha funciona como cen\u00e1rio fixo, n\u00e3o como for\u00e7a narrativa. A sensa\u00e7\u00e3o de descoberta se dilui, e a trama entra num ritmo repetitivo. Mathias Vogel, interpretado por Walton Goggins, lidera a oposi\u00e7\u00e3o de forma eficiente, por\u00e9m previs\u00edvel. Seu antagonismo se baseia na insist\u00eancia, n\u00e3o na amea\u00e7a simb\u00f3lica. Falta contraste entre o que Lara teme perder e o que ele deseja conquistar. A narrativa avan\u00e7a, mas sem varia\u00e7\u00f5es suficientes para sustentar duas horas de dura\u00e7\u00e3o.<\/p>\n<p>Corpo, a\u00e7\u00e3o e concretude<\/p>\n<p>O maior acerto est\u00e1 na fisicalidade. <a href=\"https:\/\/www.revistabula.com\/117202-filme-com-alicia-vikander-e-michael-fassbender-no-prime-video-e-emocao-pura-e-absolutamente-devastadora\/\" target=\"_blank\" rel=\"noreferrer noopener nofollow\">Alicia Vikander<\/a> constr\u00f3i Lara Croft como corpo em desgaste. As cenas de a\u00e7\u00e3o valorizam impacto, peso e consequ\u00eancia. O uso contido de efeitos digitais refor\u00e7a essa abordagem. Lara erra, falha e sobrevive por adapta\u00e7\u00e3o, n\u00e3o por destreza infal\u00edvel. Essa escolha aproxima o filme de um registro mais direto e menos ornamental. Daniel Wu, como Lu Ren, oferece apoio funcional, embora o personagem seja subaproveitado. Kristin Scott Thomas e Derek Jacobi surgem em participa\u00e7\u00f5es pontuais, sem influ\u00eancia real no desenvolvimento do enredo.<\/p>\n<p>Desfecho<\/p>\n<p>\u201cTomb Raider: A Origem\u201d cumpre o que promete em termos de reintrodu\u00e7\u00e3o da personagem, mas evita riscos conceituais maiores. N\u00e3o falha de modo evidente, tampouco surpreende. Trata-se de um ponto de partida correto, estruturado com l\u00f3gica, que deixa a sensa\u00e7\u00e3o de que o essencial foi preparado, mas ainda n\u00e3o utilizado.<\/p>\n<p>\n<strong>Filme: <\/strong><br \/>\nTom Raider: A Origem<\/p>\n<p>\n<strong>Diretor: <\/strong><\/p>\n<p>Roar Uthaug                <\/p>\n<p>\n<strong>Ano: <\/strong><br \/>\n2018<\/p>\n<p>\n<strong>G\u00eanero: <\/strong><br \/>\nA\u00e7\u00e3o\/Aventura\/Fantasia<\/p>\n<p>\n<strong>Avalia\u00e7\u00e3o: <\/strong><\/p>\n<p>8\/10<br \/>\n1<br \/>\n1<\/p>\n<p>Helena Oliveira<\/p>\n<p>\n\u2605\u2605\u2605\u2605\u2605\u2605\u2605\u2605\u2605\u2605<\/p>\n","protected":false},"excerpt":{"rendered":"\u201cTomb Raider: A Origem\u201d parte de uma decis\u00e3o clara: desmontar a aura quase m\u00edtica associada a Lara Croft&hellip;\n","protected":false},"author":2,"featured_media":204914,"comment_status":"","ping_status":"","sticky":false,"template":"","format":"standard","meta":{"footnotes":""},"categories":[140],"tags":[114,115,147,148,146,716,32,33],"class_list":{"0":"post-204913","1":"post","2":"type-post","3":"status-publish","4":"format-standard","5":"has-post-thumbnail","7":"category-filmes","8":"tag-entertainment","9":"tag-entretenimento","10":"tag-film","11":"tag-filmes","12":"tag-movies","13":"tag-netflix","14":"tag-portugal","15":"tag-pt"},"share_on_mastodon":{"url":"https:\/\/pubeurope.com\/@pt\/115793005650315415","error":""},"_links":{"self":[{"href":"https:\/\/www.europesays.com\/pt\/wp-json\/wp\/v2\/posts\/204913","targetHints":{"allow":["GET"]}}],"collection":[{"href":"https:\/\/www.europesays.com\/pt\/wp-json\/wp\/v2\/posts"}],"about":[{"href":"https:\/\/www.europesays.com\/pt\/wp-json\/wp\/v2\/types\/post"}],"author":[{"embeddable":true,"href":"https:\/\/www.europesays.com\/pt\/wp-json\/wp\/v2\/users\/2"}],"replies":[{"embeddable":true,"href":"https:\/\/www.europesays.com\/pt\/wp-json\/wp\/v2\/comments?post=204913"}],"version-history":[{"count":0,"href":"https:\/\/www.europesays.com\/pt\/wp-json\/wp\/v2\/posts\/204913\/revisions"}],"wp:featuredmedia":[{"embeddable":true,"href":"https:\/\/www.europesays.com\/pt\/wp-json\/wp\/v2\/media\/204914"}],"wp:attachment":[{"href":"https:\/\/www.europesays.com\/pt\/wp-json\/wp\/v2\/media?parent=204913"}],"wp:term":[{"taxonomy":"category","embeddable":true,"href":"https:\/\/www.europesays.com\/pt\/wp-json\/wp\/v2\/categories?post=204913"},{"taxonomy":"post_tag","embeddable":true,"href":"https:\/\/www.europesays.com\/pt\/wp-json\/wp\/v2\/tags?post=204913"}],"curies":[{"name":"wp","href":"https:\/\/api.w.org\/{rel}","templated":true}]}}