{"id":204923,"date":"2025-12-27T18:52:20","date_gmt":"2025-12-27T18:52:20","guid":{"rendered":"https:\/\/www.europesays.com\/pt\/204923\/"},"modified":"2025-12-27T18:52:20","modified_gmt":"2025-12-27T18:52:20","slug":"ex-ator-mirim-e-encontrado-em-situacao-de-rua-e-vai-parar-no-hospital","status":"publish","type":"post","link":"https:\/\/www.europesays.com\/pt\/204923\/","title":{"rendered":"Ex-ator mirim \u00e9 encontrado em situa\u00e7\u00e3o de rua e vai parar no hospital"},"content":{"rendered":"<p>A situa\u00e7\u00e3o delicada vivida por <strong>Tylor Chase<\/strong>, conhecido por ter atuado na s\u00e9rie juvenil Manual de Sobreviv\u00eancia Escolar do Ned, ganhou novos desdobramentos nos \u00faltimos dias. Ap\u00f3s ser encontrado em situa\u00e7\u00e3o de rua e mobilizar f\u00e3s e antigos colegas, o ex-ator passou a receber atendimento m\u00e9dico especializado. A interna\u00e7\u00e3o ocorreu depois de uma articula\u00e7\u00e3o feita por pessoas pr\u00f3ximas, que buscaram ajuda emergencial para garantir sua seguran\u00e7a e estabilidade.<\/p>\n<p>Segundo o influenciador <strong>Jacob \u201cJake\u201d Harris<\/strong>, que participou diretamente do processo, foi poss\u00edvel acionar um servi\u00e7o de crise capaz de avali\u00e1-lo rapidamente. \u201cFinalmente consegui entrar em contato com um centro de atendimento a crises que poderia vir e fazer uma avalia\u00e7\u00e3o no mesmo dia\u201d, afirmou. Ap\u00f3s a an\u00e1lise, os profissionais decidiram por uma interna\u00e7\u00e3o tempor\u00e1ria. \u201cEles determinaram que ele precisava de ajuda imediata\u201d, completou, ressaltando que o ator est\u00e1 sob cuidados m\u00e9dicos e apresenta sinais positivos de evolu\u00e7\u00e3o.<\/p>\n<p>O caso ganhou ainda mais repercuss\u00e3o ap\u00f3s o envolvimento de <strong>Daniel Curtis Lee<\/strong>, colega de elenco de Tylor, e do ator <strong>Shaun Weiss<\/strong>, que tamb\u00e9m enfrentou problemas semelhantes no passado. Weiss revelou ter recebido diversas mensagens pedindo apoio e contou: \u201cEntrei em contato com alguns amigos e conseguimos uma vaga para ele em uma cl\u00ednica\u201d. Apesar disso, houve resist\u00eancia inicial, e o ator acabou recusando a interna\u00e7\u00e3o naquele momento.<\/p>\n<p>Mais tarde, novas tentativas de aproxima\u00e7\u00e3o foram feitas. \u201cJake havia iniciado uma conversa com ele e estava tentando criar um v\u00ednculo\u201d, explicou Weiss, acrescentando que Tylor parecia aberto \u00e0 ideia de tratamento, mas demonstrava medo. \u201cEstamos fazendo tudo o que for preciso para tir\u00e1-lo das ruas\u201d, concluiu. <strong>Tylor Chase<\/strong>, que tamb\u00e9m atuou em Todo Mundo Odeia o Chris e no filme Good Time Max, segue agora em acompanhamento m\u00e9dico em um hospital do sul da Calif\u00f3rnia.<\/p>\n<p><img fetchpriority=\"high\" decoding=\"async\" width=\"1000\" height=\"562\" src=\"data:image\/svg+xml,%3Csvg%20xmlns=\" http:=\"\" alt=\"\" class=\"wp-image-997642\" data-lazy- data-lazy- data-lazy-src=\"https:\/\/www.europesays.com\/pt\/wp-content\/uploads\/2025\/12\/image-6-40.jpg\"\/><\/p>\n","protected":false},"excerpt":{"rendered":"A situa\u00e7\u00e3o delicada vivida por Tylor Chase, conhecido por ter atuado na s\u00e9rie juvenil Manual de Sobreviv\u00eancia Escolar&hellip;\n","protected":false},"author":2,"featured_media":204924,"comment_status":"","ping_status":"","sticky":false,"template":"","format":"standard","meta":{"footnotes":""},"categories":[145],"tags":[1244,211,210,8389,114,115,29277,1789,18178,40522,32,33,15170,16963,24285],"class_list":{"0":"post-204923","1":"post","2":"type-post","3":"status-publish","4":"format-standard","5":"has-post-thumbnail","7":"category-celebridades","8":"tag-ator","9":"tag-celebridades","10":"tag-celebrities","11":"tag-encontrado","12":"tag-entertainment","13":"tag-entretenimento","14":"tag-ex","15":"tag-hospital","16":"tag-mirim","17":"tag-parar","18":"tag-portugal","19":"tag-pt","20":"tag-rua","21":"tag-situa","22":"tag-vai"},"share_on_mastodon":{"url":"https:\/\/pubeurope.com\/@pt\/115793044651363225","error":""},"_links":{"self":[{"href":"https:\/\/www.europesays.com\/pt\/wp-json\/wp\/v2\/posts\/204923","targetHints":{"allow":["GET"]}}],"collection":[{"href":"https:\/\/www.europesays.com\/pt\/wp-json\/wp\/v2\/posts"}],"about":[{"href":"https:\/\/www.europesays.com\/pt\/wp-json\/wp\/v2\/types\/post"}],"author":[{"embeddable":true,"href":"https:\/\/www.europesays.com\/pt\/wp-json\/wp\/v2\/users\/2"}],"replies":[{"embeddable":true,"href":"https:\/\/www.europesays.com\/pt\/wp-json\/wp\/v2\/comments?post=204923"}],"version-history":[{"count":0,"href":"https:\/\/www.europesays.com\/pt\/wp-json\/wp\/v2\/posts\/204923\/revisions"}],"wp:featuredmedia":[{"embeddable":true,"href":"https:\/\/www.europesays.com\/pt\/wp-json\/wp\/v2\/media\/204924"}],"wp:attachment":[{"href":"https:\/\/www.europesays.com\/pt\/wp-json\/wp\/v2\/media?parent=204923"}],"wp:term":[{"taxonomy":"category","embeddable":true,"href":"https:\/\/www.europesays.com\/pt\/wp-json\/wp\/v2\/categories?post=204923"},{"taxonomy":"post_tag","embeddable":true,"href":"https:\/\/www.europesays.com\/pt\/wp-json\/wp\/v2\/tags?post=204923"}],"curies":[{"name":"wp","href":"https:\/\/api.w.org\/{rel}","templated":true}]}}