{"id":204939,"date":"2025-12-27T19:04:09","date_gmt":"2025-12-27T19:04:09","guid":{"rendered":"https:\/\/www.europesays.com\/pt\/204939\/"},"modified":"2025-12-27T19:04:09","modified_gmt":"2025-12-27T19:04:09","slug":"psp-filmado-a-disparar-para-dispersar-multidao-no-porto","status":"publish","type":"post","link":"https:\/\/www.europesays.com\/pt\/204939\/","title":{"rendered":"PSP filmado a disparar para dispersar multid\u00e3o no Porto"},"content":{"rendered":"<p>Contactada este s\u00e1bado pelo JN, fonte do Comando Metropolitano da PSP do Porto confirmou ter recebido uma chamada a dar conta de um ajuntamento naquele local, associado a corridas ilegais. Contudo, a mesma fonte afirmou n\u00e3o ter conhecimento de qualquer disparo efetuado por agentes no decurso da interven\u00e7\u00e3o policial. J\u00e1 fonte da Dire\u00e7\u00e3o Nacional da PSP disse estar ainda a aguardar informa\u00e7\u00f5es detalhadas sobre a ocorr\u00eancia.<\/p>\n<p>De acordo com o diploma que regula o recurso \u00e0 arma de fogo em a\u00e7\u00e3o policial, qualquer disparo deve ser comunicado no mais curto prazo poss\u00edvel \u00e0 hierarquia, sendo essa comunica\u00e7\u00e3o acompanhada de um relato escrito, caso n\u00e3o tenha sido efetuada de imediato por essa via.<\/p>\n","protected":false},"excerpt":{"rendered":"Contactada este s\u00e1bado pelo JN, fonte do Comando Metropolitano da PSP do Porto confirmou ter recebido uma chamada&hellip;\n","protected":false},"author":2,"featured_media":204940,"comment_status":"","ping_status":"","sticky":false,"template":"","format":"standard","meta":{"footnotes":""},"categories":[10],"tags":[27,28,40523,15,16,14,603,25,26,21,22,12,13,19,20,32,23,24,1306,33,17,18,29,30,31],"class_list":{"0":"post-204939","1":"post","2":"type-post","3":"status-publish","4":"format-standard","5":"has-post-thumbnail","7":"category-portugal","8":"tag-breaking-news","9":"tag-breakingnews","10":"tag-castelo-do-queijo","11":"tag-featured-news","12":"tag-featurednews","13":"tag-headlines","14":"tag-justica","15":"tag-latest-news","16":"tag-latestnews","17":"tag-main-news","18":"tag-mainnews","19":"tag-news","20":"tag-noticias","21":"tag-noticias-principais","22":"tag-noticiasprincipais","23":"tag-portugal","24":"tag-principais-noticias","25":"tag-principaisnoticias","26":"tag-psp","27":"tag-pt","28":"tag-top-stories","29":"tag-topstories","30":"tag-ultimas","31":"tag-ultimas-noticias","32":"tag-ultimasnoticias"},"share_on_mastodon":{"url":"https:\/\/pubeurope.com\/@pt\/115793091854831160","error":""},"_links":{"self":[{"href":"https:\/\/www.europesays.com\/pt\/wp-json\/wp\/v2\/posts\/204939","targetHints":{"allow":["GET"]}}],"collection":[{"href":"https:\/\/www.europesays.com\/pt\/wp-json\/wp\/v2\/posts"}],"about":[{"href":"https:\/\/www.europesays.com\/pt\/wp-json\/wp\/v2\/types\/post"}],"author":[{"embeddable":true,"href":"https:\/\/www.europesays.com\/pt\/wp-json\/wp\/v2\/users\/2"}],"replies":[{"embeddable":true,"href":"https:\/\/www.europesays.com\/pt\/wp-json\/wp\/v2\/comments?post=204939"}],"version-history":[{"count":0,"href":"https:\/\/www.europesays.com\/pt\/wp-json\/wp\/v2\/posts\/204939\/revisions"}],"wp:featuredmedia":[{"embeddable":true,"href":"https:\/\/www.europesays.com\/pt\/wp-json\/wp\/v2\/media\/204940"}],"wp:attachment":[{"href":"https:\/\/www.europesays.com\/pt\/wp-json\/wp\/v2\/media?parent=204939"}],"wp:term":[{"taxonomy":"category","embeddable":true,"href":"https:\/\/www.europesays.com\/pt\/wp-json\/wp\/v2\/categories?post=204939"},{"taxonomy":"post_tag","embeddable":true,"href":"https:\/\/www.europesays.com\/pt\/wp-json\/wp\/v2\/tags?post=204939"}],"curies":[{"name":"wp","href":"https:\/\/api.w.org\/{rel}","templated":true}]}}