{"id":204957,"date":"2025-12-27T19:25:19","date_gmt":"2025-12-27T19:25:19","guid":{"rendered":"https:\/\/www.europesays.com\/pt\/204957\/"},"modified":"2025-12-27T19:25:19","modified_gmt":"2025-12-27T19:25:19","slug":"video-de-fabio-porchat-sobre-polemica-com-havaianas-abre-crise-diplomatica","status":"publish","type":"post","link":"https:\/\/www.europesays.com\/pt\/204957\/","title":{"rendered":"V\u00eddeo de F\u00e1bio Porchat sobre pol\u00e9mica com Havaianas abre crise diplom\u00e1tica"},"content":{"rendered":"<p data-remotead-prev-elm=\"true\" data-remotead-elm-id=\"inread\">&#8220;Desculpa, mas eu n\u00e3o quero que voc\u00ea comece 2026 com o p\u00e9 direito. N\u00e3o, n\u00e3o \u00e9 nada contra a sorte, mas vamos combinar: sorte n\u00e3o depende de voc\u00ea, n\u00e9? Depende de sorte. O que eu desejo \u00e9 que voc\u00ea comece o Ano Novo com os dois p\u00e9s&#8221;, diz Fernanda Torres no an\u00fancio da Havaianas, marca quase sin\u00f3nimo da pr\u00f3pria identidade brasileira.<\/p>\n<p>Por\u00e9m, a campanha publicit\u00e1ria est\u00e1 agora a <a href=\"https:\/\/www.jn.pt\/mundo\/artigo\/direita-brasileira-pede-boicote-a-havaianas-apos-anuncio-com-fernanda-torres\/18033166\" target=\"_blank\" rel=\"nofollow noopener\">agitar a pol\u00edtica do Brasil, nomeadamente a Direita<\/a>, que interpretou o an\u00fancio como uma mensagem pol\u00edtica, gerando cr\u00edticas e apelos ao boicote \u00e0 marca.<\/p>\n<blockquote data-type=\"articles\" data-id=\"related-article-18033166\"><p>\n              <strong>Leia tamb\u00e9m <\/strong><br \/>\n              <a href=\"https:\/\/www.jn.pt\/mundo\/artigo\/direita-brasileira-pede-boicote-a-havaianas-apos-anuncio-com-fernanda-torres\/18033166\" rel=\"nofollow noopener\" target=\"_blank\">Direita brasileira pede boicote \u00e0 Havaianas ap\u00f3s an\u00fancio com Fernanda Torres<\/a>\n            <\/p><\/blockquote>\n<p>Um dos pol\u00edticos que mostrou a sua indigna\u00e7\u00e3o nas redes sociais foi um dos filhos do ex-presidente brasileiro Jair Bolsonaro. Num v\u00eddeo publicado no Instagram, Eduardo Bolsonaro, que mora nos Estados Unidos, atira para o lixo um par de Havaianas pretas com uma pequena bandeira do Brasil nas tiras. &#8220;Eu achava que isto aqui era um s\u00edmbolo nacional&#8221;, afirma. &#8220;J\u00e1 vi muito gringo com essa bandeirinha do Brasil no p\u00e9. S\u00f3 que eu me enganei: eles escolheram para ser a garota propaganda da sand\u00e1lia uma pessoa declaradamente de Esquerda. E ainda fala para voc\u00ea n\u00e3o come\u00e7ar o ano com o p\u00e9 direito. Isso n\u00e3o foi por acaso, me desculpe. Ent\u00e3o, o p\u00e9 direito e o esquerdo est\u00e3o no lixo&#8221;.<\/p>\n<p data-remotead-prev-elm=\"true\" data-remotead-elm-id=\"centro1\">Mas n\u00e3o foi o \u00fanico. Pol\u00edticos como os deputados Nikolas Ferreira e Rodrigo Valadares. &#8220;Havaianas, nem todo mundo agora vai usar&#8221;, escreveu o primeiro no X (antigo Twitter). &#8220;Havaianas escolheu lado. A DIREITA escolhe o boicote&#8221;, defendeu o segundo na mesma rede social.<\/p>\n<p>Tamb\u00e9m infuenciadores ligados \u00e0 Direita brasileira, como Thiago Asmar, que mais de dois milh\u00f5es de seguidores no Instagram, reagiram \u00e0 pol\u00e9mica: &#8220;T\u00f4 queimando o p\u00e9 no asfalto, mas Havaianas nunca mais!&#8221;.<\/p>\n<p>Segundo o jornal brasileiro &#8220;O Globo&#8221;, as a\u00e7\u00f5es da marca registaram perdas de 200 milh\u00f5es de reais (equivalente a 30,6 milh\u00f5es de euros) na Bolsa ap\u00f3s a pol\u00e9mica com o an\u00fancio. Por\u00e9m, na ter\u00e7a-feira, a Alpargatas, empresa dona da Havaianas, que tem dez mil funcion\u00e1rios e vendeu 226,6 milh\u00f5es de pares de sand\u00e1lias em 2024, alavancou o valor de mercado com as a\u00e7\u00f5es a subirem 455 milh\u00f5es de reais (cerca de 70 milh\u00f5es de euros).<\/p>\n<p>Crise diplom\u00e1tica em Roma<\/p>\n<p data-remotead-prev-elm=\"true\" data-remotead-elm-id=\"centro2\">No entanto, a controv\u00e9rsia est\u00e1 longe de terminar, depois de ter tomado novas propor\u00e7\u00f5es quando o ator brasileiro e humorista de &#8220;Porta dos Fundos&#8221; F\u00e1bio Porchat publicou, na ter\u00e7a-feira, um v\u00eddeo onde ironiza pol\u00edticos de direita gravado na Embaixada do Brasil em Roma, em It\u00e1lia. Na grava\u00e7\u00e3o, o humorista interpreta um gestor de crise, que aparece a falar com a atriz ao telefone, sugerindo gestos ao campo pol\u00edtico de direita como forma de amenizar as cr\u00edticas e o boicote \u00e0 marca.<\/p>\n<p>Nas redes sociais, o senador Rog\u00e9rio Marinho, l\u00edder da oposi\u00e7\u00e3o no Senado, afirmou que vai pedir \u00e0 chancelaria brasileira um esclarecimento, al\u00e9m do apuramento de responsabilidade. O parlamentar tamb\u00e9m criticou o uso do espa\u00e7o diplom\u00e1tico brasileiro para &#8220;humor pol\u00edtico&#8221;, afirmando que a a\u00e7\u00e3o configura &#8220;uso indevido do Estado&#8221;. &#8220;Instala\u00e7\u00f5es governamentais n\u00e3o servem para milit\u00e2ncia nem para proteger aliados&#8221;, escreveu no X.<\/p>\n<p>Em comunicado, o embaixador brasileiro em Roma, Renato Mosca de Souza, garantiu que Porchat era o seu convidado pessoal para a celebra\u00e7\u00e3o da noite de Natal, mas que a grava\u00e7\u00e3o do v\u00eddeo na sede da embaixada foi feita &#8220;sem o seu conhecimento e autoriza\u00e7\u00e3o&#8221;. O Minist\u00e9rio dos Neg\u00f3cios Estrangeiros do Brasil tamb\u00e9m assegurou, numa nota, que &#8220;a estadia do h\u00f3spede n\u00e3o implicou gastos p\u00fablicos, j\u00e1 que as despesas de convidados pessoais do embaixador s\u00e3o custeadas pelo pr\u00f3prio chefe da Miss\u00e3o Diplom\u00e1tica&#8221;.<\/p>\n","protected":false},"excerpt":{"rendered":"&#8220;Desculpa, mas eu n\u00e3o quero que voc\u00ea comece 2026 com o p\u00e9 direito. N\u00e3o, n\u00e3o \u00e9 nada contra&hellip;\n","protected":false},"author":2,"featured_media":204958,"comment_status":"","ping_status":"","sticky":false,"template":"","format":"standard","meta":{"footnotes":""},"categories":[145],"tags":[726,211,210,114,115,10524,233,62,11721,32,33,550],"class_list":{"0":"post-204957","1":"post","2":"type-post","3":"status-publish","4":"format-standard","5":"has-post-thumbnail","7":"category-celebridades","8":"tag-brasil","9":"tag-celebridades","10":"tag-celebrities","11":"tag-entertainment","12":"tag-entretenimento","13":"tag-fabio-porchat","14":"tag-italia","15":"tag-mundo","16":"tag-porta-dos-fundos","17":"tag-portugal","18":"tag-pt","19":"tag-publicidade"},"share_on_mastodon":{"url":"https:\/\/pubeurope.com\/@pt\/115793174421142982","error":""},"_links":{"self":[{"href":"https:\/\/www.europesays.com\/pt\/wp-json\/wp\/v2\/posts\/204957","targetHints":{"allow":["GET"]}}],"collection":[{"href":"https:\/\/www.europesays.com\/pt\/wp-json\/wp\/v2\/posts"}],"about":[{"href":"https:\/\/www.europesays.com\/pt\/wp-json\/wp\/v2\/types\/post"}],"author":[{"embeddable":true,"href":"https:\/\/www.europesays.com\/pt\/wp-json\/wp\/v2\/users\/2"}],"replies":[{"embeddable":true,"href":"https:\/\/www.europesays.com\/pt\/wp-json\/wp\/v2\/comments?post=204957"}],"version-history":[{"count":0,"href":"https:\/\/www.europesays.com\/pt\/wp-json\/wp\/v2\/posts\/204957\/revisions"}],"wp:featuredmedia":[{"embeddable":true,"href":"https:\/\/www.europesays.com\/pt\/wp-json\/wp\/v2\/media\/204958"}],"wp:attachment":[{"href":"https:\/\/www.europesays.com\/pt\/wp-json\/wp\/v2\/media?parent=204957"}],"wp:term":[{"taxonomy":"category","embeddable":true,"href":"https:\/\/www.europesays.com\/pt\/wp-json\/wp\/v2\/categories?post=204957"},{"taxonomy":"post_tag","embeddable":true,"href":"https:\/\/www.europesays.com\/pt\/wp-json\/wp\/v2\/tags?post=204957"}],"curies":[{"name":"wp","href":"https:\/\/api.w.org\/{rel}","templated":true}]}}