{"id":204962,"date":"2025-12-27T19:31:13","date_gmt":"2025-12-27T19:31:13","guid":{"rendered":"https:\/\/www.europesays.com\/pt\/204962\/"},"modified":"2025-12-27T19:31:13","modified_gmt":"2025-12-27T19:31:13","slug":"treinador-espanhol-e-filhos-desaparecidos","status":"publish","type":"post","link":"https:\/\/www.europesays.com\/pt\/204962\/","title":{"rendered":"Treinador Espanhol e Filhos Desaparecidos"},"content":{"rendered":"<p>Quatro elementos da mesma fam\u00edlia espanhola est\u00e3o desaparecidos na sequ\u00eancia de um naufr\u00e1gio de um barco tur\u00edstico na Indon\u00e9sia, informaram este s\u00e1bado, 27 de dezembro, as autoridades dos dois pa\u00edses<\/p>\n<p><strong>Os desaparecidos s\u00e3o Fernando Mart\u00edn Carreras, de 44 anos, antigo jogador e atual treinador da equipa B feminina do Valencia, e os tr\u00eas dos seus quatro filhos, de 12, 10 e 9 anos.<\/strong><\/p>\n<p>As buscas pelos desaparecidos ainda decorrem, mas o clube chegou a divulgar este s\u00e1bado um comunicado a confirmar a morte de Fernando Mart\u00edn Carreras e de tr\u00eas dos seus filhos. <\/p>\n<p><strong>&#8220;O Valencia CF lamenta profundamente o falecimento de Fernando Mart\u00edn, treinador do Valencia B feminino, e de tr\u00eas dos seus filhos num tr\u00e1gico naufr\u00e1gio na Indon\u00e9sia, conforme confirmado pelas autoridades locais<\/strong>. O clube envia as mais sentidas condol\u00eancias \u00e0 fam\u00edlia, amigos e colegas do Valencia CF neste momento dif\u00edcil&#8221;, lia-se na<a aria-label=\"content\" target=\"_blank\" href=\"https:\/\/x.com\/valenciacf\/status\/2004899634003444143\" rel=\"nofollow\"> nota divulgada nas redes sociais pelo emblema espanhol.<\/a><\/p>\n<p>Na embarca\u00e7\u00e3o tur\u00edstica seguiam 11 pessoas, sendo que sete foram resgatadas com vida, entre as quais a mulher do treinador espanhol, Andrea Ortu\u00f1o, e uma das filhas. Outros quatro tripulantes e um guia tur\u00edstico tamb\u00e9m foram resgatados, segundo a ag\u00eancia de not\u00edcias Efe.<\/p>\n<p>O naufr\u00e1gio ocorreu na noite de sexta-feira, perto da\u00a0Ilha de Padar, a leste do destino tur\u00edstico de Bali, quando o barco, onde seguia a fam\u00edlia espanhola de Valencia, sofreu uma avaria no motor, tendo virado devido \u00e0 forte ondula\u00e7\u00e3o que se fazia sentir. De acordo com a ag\u00eancia de not\u00edcias estatal Antara, as ondas chegaram a tr\u00eas metros de altura. <\/p>\n","protected":false},"excerpt":{"rendered":"Quatro elementos da mesma fam\u00edlia espanhola est\u00e3o desaparecidos na sequ\u00eancia de um naufr\u00e1gio de um barco tur\u00edstico na&hellip;\n","protected":false},"author":2,"featured_media":204963,"comment_status":"","ping_status":"","sticky":false,"template":"","format":"standard","meta":{"footnotes":""},"categories":[87],"tags":[135,2427,2758,32,33,134],"class_list":{"0":"post-204962","1":"post","2":"type-post","3":"status-publish","4":"format-standard","5":"has-post-thumbnail","7":"category-desporto","8":"tag-desporto","9":"tag-indonesia","10":"tag-naufragio","11":"tag-portugal","12":"tag-pt","13":"tag-sports"},"share_on_mastodon":{"url":"https:\/\/pubeurope.com\/@pt\/115793198529510864","error":""},"_links":{"self":[{"href":"https:\/\/www.europesays.com\/pt\/wp-json\/wp\/v2\/posts\/204962","targetHints":{"allow":["GET"]}}],"collection":[{"href":"https:\/\/www.europesays.com\/pt\/wp-json\/wp\/v2\/posts"}],"about":[{"href":"https:\/\/www.europesays.com\/pt\/wp-json\/wp\/v2\/types\/post"}],"author":[{"embeddable":true,"href":"https:\/\/www.europesays.com\/pt\/wp-json\/wp\/v2\/users\/2"}],"replies":[{"embeddable":true,"href":"https:\/\/www.europesays.com\/pt\/wp-json\/wp\/v2\/comments?post=204962"}],"version-history":[{"count":0,"href":"https:\/\/www.europesays.com\/pt\/wp-json\/wp\/v2\/posts\/204962\/revisions"}],"wp:featuredmedia":[{"embeddable":true,"href":"https:\/\/www.europesays.com\/pt\/wp-json\/wp\/v2\/media\/204963"}],"wp:attachment":[{"href":"https:\/\/www.europesays.com\/pt\/wp-json\/wp\/v2\/media?parent=204962"}],"wp:term":[{"taxonomy":"category","embeddable":true,"href":"https:\/\/www.europesays.com\/pt\/wp-json\/wp\/v2\/categories?post=204962"},{"taxonomy":"post_tag","embeddable":true,"href":"https:\/\/www.europesays.com\/pt\/wp-json\/wp\/v2\/tags?post=204962"}],"curies":[{"name":"wp","href":"https:\/\/api.w.org\/{rel}","templated":true}]}}