{"id":204964,"date":"2025-12-27T19:32:09","date_gmt":"2025-12-27T19:32:09","guid":{"rendered":"https:\/\/www.europesays.com\/pt\/204964\/"},"modified":"2025-12-27T19:32:09","modified_gmt":"2025-12-27T19:32:09","slug":"temporada-de-cruzeiros-acende-alerta-para-volta-do-sarampo-27-12-2025-equilibrio-e-saude","status":"publish","type":"post","link":"https:\/\/www.europesays.com\/pt\/204964\/","title":{"rendered":"Temporada de cruzeiros acende alerta para volta do sarampo &#8211; 27\/12\/2025 &#8211; Equil\u00edbrio e Sa\u00fade"},"content":{"rendered":"<p>A temporada de cruzeiros no litoral paulista traz a preocupa\u00e7\u00e3o com o aumento do risco de reintrodu\u00e7\u00e3o do <a href=\"https:\/\/www1.folha.uol.com.br\/equilibrioesaude\/2024\/02\/oms-alerta-sobre-aumento-de-casos-de-sarampo-no-mundo.shtml\" rel=\"nofollow noopener\" target=\"\">sarampo<\/a> no estado. Por isso, a Secretaria Estadual da Sa\u00fade de <a href=\"https:\/\/www1.folha.uol.com.br\/folha-topicos\/sao-paulo-estado\/\" rel=\"nofollow noopener\" target=\"\">S\u00e3o Paulo<\/a> emitiu um alerta neste s\u00e1bado (27) aos servi\u00e7os de sa\u00fade, autoridades portu\u00e1rias e viajantes.<\/p>\n<p>A medida considera a circula\u00e7\u00e3o internacional do v\u00edrus e a intensa movimenta\u00e7\u00e3o de passageiros e tripulantes de diferentes nacionalidades. H\u00e1 surtos ativos de <a href=\"https:\/\/m.folha.uol.com.br\/cotidiano\/2011\/03\/889269-sao-paulo-alerta-populacao-para-vacina-contra-sarampo.shtml\" rel=\"nofollow noopener\" target=\"\">sarampo<\/a> em diversas regi\u00f5es do mundo.<\/p>\n<p>A principal recomenda\u00e7\u00e3o \u00e9 a vacina. Quem planeja viajar \u2014inclusive em <a href=\"https:\/\/www1.folha.uol.com.br\/turismo\/2025\/08\/nova-emporada-de-cruzeiros-aposta-nas-promocoes-para-atrair-passageiros.shtml\" rel=\"nofollow noopener\" target=\"\">cruzeiros<\/a> mar\u00edtimos\u2014 ou participar de eventos de grande porte deve verificar a caderneta de vacina\u00e7\u00e3o e garantir o esquema completo da <a href=\"https:\/\/www1.folha.uol.com.br\/equilibrioesaude\/2025\/06\/taxa-de-evasao-da-2a-dose-da-triplice-viral-passa-de-50-em-14-estados-diz-relatorio.shtml\" rel=\"nofollow noopener\" target=\"\">tr\u00edplice viral<\/a> (sarampo, caxumba e rub\u00e9ola), preferencialmente com pelo menos 15 dias de anteced\u00eancia da viagem.<\/p>\n<p>&#13;<br \/>\nEm 2024, o <a href=\"https:\/\/www1.folha.uol.com.br\/equilibrioesaude\/2024\/11\/brasil-recupera-certificado-pela-erradicacao-do-sarampo.shtml\" rel=\"nofollow noopener\" target=\"\">Brasil reconquistou o certificado de elimina\u00e7\u00e3o do sarampo<\/a>. Neste ano, at\u00e9 14 de dezembro, foram registrados 38 casos importados ou relacionados \u00e0 importa\u00e7\u00e3o no pa\u00eds \u2014<a href=\"https:\/\/www1.folha.uol.com.br\/equilibrioesaude\/2025\/12\/sao-paulo-registra-segundo-caso-de-sarampo-em-2025.shtml\" rel=\"nofollow noopener\" target=\"\">dois deles na capital paulista<\/a>.<\/p>\n<p>O <a href=\"https:\/\/www1.folha.uol.com.br\/equilibrioesaude\/2025\/04\/sao-paulo-registra-1o-caso-de-sarampo-de-2025.shtml\" rel=\"nofollow noopener\" target=\"\">primeiro foi registrado em abril<\/a>. O paciente, de 31 anos, estava vacinado contra o sarampo, n\u00e3o precisou de interna\u00e7\u00e3o e se recuperou. O outro \u2014ocorrido em dezembro\u2014 envolveu um homem de 27 anos, n\u00e3o vacinado, com hist\u00f3rico de viagem ao exterior, onde teria contra\u00eddo a doen\u00e7a. Ele recebeu atendimento m\u00e9dico e teve alta.<\/p>\n<p>O <a href=\"https:\/\/www1.folha.uol.com.br\/equilibrioesaude\/2025\/11\/canada-perde-status-de-pais-livre-do-sarampo.shtml\" rel=\"nofollow noopener\" target=\"\">sarampo<\/a> \u00e9 uma doen\u00e7a viral contagiosa, transmitida pelo ar, especialmente em ambientes fechados e com grande circula\u00e7\u00e3o de pessoas, como navios de cruzeiro.<\/p>\n<p>Os principais sintomas incluem febre alta, tosse, coriza, <a href=\"https:\/\/www1.folha.uol.com.br\/cotidiano\/2018\/05\/sao-paulo-tem-explosao-de-casos-de-conjuntivite-e-chega-a-161-surtos-no-ano.shtml\" rel=\"nofollow noopener\" target=\"\">conjuntivite<\/a> e manchas avermelhadas na pele, que geralmente surgem entre sete e 14 dias ap\u00f3s a exposi\u00e7\u00e3o.<\/p>\n<p>&#13;<br \/>\nAl\u00e9m da imuniza\u00e7\u00e3o, os passageiros devem adotar medidas de higiene durante as viagens. S\u00e3o elas:<\/p>\n<ul>&#13;<\/p>\n<li>Cobrir nariz e boca quando espirrar ou tossir;<\/li>\n<p>&#13;<\/p>\n<li>Lavar as m\u00e3os com frequ\u00eancia com <a href=\"https:\/\/www1.folha.uol.com.br\/equilibrioesaude\/2020\/03\/lavar-as-maos-so-com-agua-e-sabao-ja-mata-novo-coronavirus-entenda.shtml\" rel=\"nofollow noopener\" target=\"\">\u00e1gua e sab\u00e3o<\/a>, ou ent\u00e3o utilizar <a href=\"https:\/\/www1.folha.uol.com.br\/equilibrioesaude\/2020\/03\/fazer-alcool-em-gel-e-ineficaz-e-perigoso-dizem-especialistas-busca-por-formula-dispara.shtml\" rel=\"nofollow noopener\" target=\"\">\u00e1lcool em gel<\/a>;<\/li>\n<p>&#13;<\/p>\n<li>N\u00e3o compartilhar copos, talheres e alimentos;<\/li>\n<p>&#13;<\/p>\n<li>N\u00e3o levar as m\u00e3os \u00e0 boca ou aos olhos;<\/li>\n<p>&#13;\n<\/ul>\n<p>    Cuide-se<\/p>\n<p class=\"c-newsletter__subtitle\">Ci\u00eancia, h\u00e1bitos e preven\u00e7\u00e3o numa newsletter para a sua sa\u00fade e bem-estar<\/p>\n<ul>&#13;<\/p>\n<li>Evitar aglomera\u00e7\u00f5es ou locais pouco arejados;<\/li>\n<p>&#13;<\/p>\n<li>Manter os ambientes frequentados sempre limpos e ventilados;<\/li>\n<p>&#13;<\/p>\n<li>Evitar contato pr\u00f3ximo com pessoas doentes.<\/li>\n<p>&#13;\n<\/ul>\n<p>No retorno, caso surjam sintomas suspeitos at\u00e9 30 dias ap\u00f3s a viagem, a orienta\u00e7\u00e3o \u00e9 procurar imediatamente um servi\u00e7o de sa\u00fade, informar o hist\u00f3rico de deslocamento e evitar a circula\u00e7\u00e3o em locais p\u00fablicos.<\/p>\n<p>O sarampo \u00e9 uma doen\u00e7a de notifica\u00e7\u00e3o compuls\u00f3ria imediata. Casos suspeitos devem ser comunicados \u00e0 vigil\u00e2ncia epidemiol\u00f3gica em at\u00e9 24 horas, para ado\u00e7\u00e3o r\u00e1pida das medidas de bloqueio e preven\u00e7\u00e3o.<\/p>\n<p>Em <a href=\"https:\/\/www1.folha.uol.com.br\/folha-topicos\/sao-paulo\/\" rel=\"nofollow noopener\" target=\"\">S\u00e3o Paulo<\/a>, as vacinas est\u00e3o dispon\u00edveis nas UBSs (Unidades B\u00e1sicas de <a href=\"https:\/\/www1.folha.uol.com.br\/folha-topicos\/saude\/\" rel=\"nofollow noopener\" target=\"_blank\">Sa\u00fade<\/a>) de segunda a sexta-feira, das 7h \u00e0s 19h. Aos s\u00e1bados, a vacina\u00e7\u00e3o ocorre nas unidades de Assist\u00eancia M\u00e9dica Ambulatorial integradas \u00e0s UBSs, no mesmo hor\u00e1rio.<\/p>\n","protected":false},"excerpt":{"rendered":"A temporada de cruzeiros no litoral paulista traz a preocupa\u00e7\u00e3o com o aumento do risco de reintrodu\u00e7\u00e3o do&hellip;\n","protected":false},"author":2,"featured_media":204965,"comment_status":"","ping_status":"","sticky":false,"template":"","format":"standard","meta":{"footnotes":""},"categories":[86],"tags":[322,29818,3755,236,116,1208,32,33,1670,117,1456,40524,2820,814],"class_list":{"0":"post-204964","1":"post","2":"type-post","3":"status-publish","4":"format-standard","5":"has-post-thumbnail","7":"category-saude","8":"tag-aeroporto","9":"tag-cruzeiros","10":"tag-ferias","11":"tag-folha","12":"tag-health","13":"tag-medicina","14":"tag-portugal","15":"tag-pt","16":"tag-sarampo","17":"tag-saude","18":"tag-turismo","19":"tag-vacina-triplice-viral","20":"tag-vacinacao","21":"tag-viagem"},"share_on_mastodon":{"url":"https:\/\/pubeurope.com\/@pt\/115793202060587726","error":""},"_links":{"self":[{"href":"https:\/\/www.europesays.com\/pt\/wp-json\/wp\/v2\/posts\/204964","targetHints":{"allow":["GET"]}}],"collection":[{"href":"https:\/\/www.europesays.com\/pt\/wp-json\/wp\/v2\/posts"}],"about":[{"href":"https:\/\/www.europesays.com\/pt\/wp-json\/wp\/v2\/types\/post"}],"author":[{"embeddable":true,"href":"https:\/\/www.europesays.com\/pt\/wp-json\/wp\/v2\/users\/2"}],"replies":[{"embeddable":true,"href":"https:\/\/www.europesays.com\/pt\/wp-json\/wp\/v2\/comments?post=204964"}],"version-history":[{"count":0,"href":"https:\/\/www.europesays.com\/pt\/wp-json\/wp\/v2\/posts\/204964\/revisions"}],"wp:featuredmedia":[{"embeddable":true,"href":"https:\/\/www.europesays.com\/pt\/wp-json\/wp\/v2\/media\/204965"}],"wp:attachment":[{"href":"https:\/\/www.europesays.com\/pt\/wp-json\/wp\/v2\/media?parent=204964"}],"wp:term":[{"taxonomy":"category","embeddable":true,"href":"https:\/\/www.europesays.com\/pt\/wp-json\/wp\/v2\/categories?post=204964"},{"taxonomy":"post_tag","embeddable":true,"href":"https:\/\/www.europesays.com\/pt\/wp-json\/wp\/v2\/tags?post=204964"}],"curies":[{"name":"wp","href":"https:\/\/api.w.org\/{rel}","templated":true}]}}