{"id":204974,"date":"2025-12-27T19:39:12","date_gmt":"2025-12-27T19:39:12","guid":{"rendered":"https:\/\/www.europesays.com\/pt\/204974\/"},"modified":"2025-12-27T19:39:12","modified_gmt":"2025-12-27T19:39:12","slug":"anne-hathaway-revela-que-cancao-brasileira-foi-a-sua-mais-escutada-do-ano-e-cita-jogador-em-post","status":"publish","type":"post","link":"https:\/\/www.europesays.com\/pt\/204974\/","title":{"rendered":"Anne Hathaway revela que can\u00e7\u00e3o brasileira foi a sua mais escutada do ano e cita jogador em post"},"content":{"rendered":"<p>\n                        Atriz americana fez lista com cl\u00e1ssico de Tom Jobim e Elis Regina e mencionou carta aberta de Gabriel Jesus\n                    <\/p>\n<p class=\"text\">A atriz americana<b> <\/b><b>Anne Hathaway<\/b><b> <\/b>revelou que sua m\u00fasica mais escutada no ano de 2025 foi <b>\u00c1guas de Mar\u00e7o<\/b>, cl\u00e1ssico brasileiro de 1972 eternizado nas vozes de Tom Jobim e Elis Regina.<\/p>\n<p class=\"text\">Estrela de filmes como O Diabo Veste Prada e Interestelar, a atriz costuma compartilhar no Instagram uma lista de coisas de que tem gostado ou que a deixaram feliz nos \u00faltimos tempos.<\/p>\n<p><img loading=\"lazy\" decoding=\"async\" alt=\"Anne Hathaway em postagem no seu Instagram.\" class=\"img-c0cf0ce70cf6cd4d887bb3300368ec0etip9ifpx\" height=\"968\" src=\"https:\/\/www.europesays.com\/pt\/wp-content\/uploads\/2025\/12\/9504041-vnpxb6gutfe4lmij6ur3ojwl3e.jpg\"  title=\"Anne Hathaway em postagem no seu Instagram.\" width=\"774\"\/><\/p>\n<p>Anne Hathaway em postagem no seu Instagram.<\/p>\n<p>Foto: @annehathaway via Instagram \/ Estad\u00e3o<\/p>\n<p class=\"text\">Neste s\u00e1bado, 27, ela publicou a lista de &#8220;\u00faltimas coisas de 2025?, citando a m\u00fasica brasileira. Na publica\u00e7\u00e3o, ela tamb\u00e9m faz outra refer\u00eancia ao Brasil, mencionando o jogador de futebol Gabriel Jesus.<\/p>\n<p class=\"text\">Anne cita uma carta aberta escrita pelo atleta aos f\u00e3s e colegas do Arsenal, clube onde joga na Inglaterra, revelando dificuldades com uma les\u00e3o e complica\u00e7\u00f5es no parto da filha de tr\u00eas anos. A atriz, que j\u00e1 se declarou torcedora da equipe, disse que a carta \u00e9 &#8220;uma leitura obrigat\u00f3ria&#8221;.<\/p>\n<p class=\"text\">No post, a atriz tamb\u00e9m menciona a repercuss\u00e3o do trailer de A Odisseia, filme dirigido por <b>Christopher Nolan<\/b><b> <\/b>que ser\u00e1 estrelado por ela, Matt Damon, Tom Holland, Zendaya e outros grandes nomes de Hollywood.<\/p>\n<blockquote class=\"instagram-media\" data-instgrm-captioned=\"\" data-instgrm-permalink=\"https:\/\/www.instagram.com\/p\/DSxkKCFjq1H\/?utm_source=ig_embed&amp;utm_campaign=loading\" data-instgrm-version=\"14\" style=\" background:#FFF; border:0; border-radius:3px; box-shadow:0 0 1px 0 rgba(0,0,0,0.5),0 1px 10px 0 rgba(0,0,0,0.15); margin: 1px; max-width:658px; min-width:326px; padding:0; width:99.375%; width:-webkit-calc(100% - 2px); width:calc(100% - 2px);\"><p>\n<a href=\"https:\/\/www.instagram.com\/p\/DSxkKCFjq1H\/?utm_source=ig_embed&amp;utm_campaign=loading\" style=\" background:#FFFFFF; line-height:0; padding:0 0; text-align:center; text-decoration:none; width:100%;\" target=\"_blank\" rel=\"nofollow noopener\"><\/p>\n<p>      View this post on Instagram <\/p>\n<p><\/a>\n<\/p><\/blockquote>\n<p>Escute &#8216;\u00c1guas de Mar\u00e7o&#8217;<\/p>\n<p class=\"text\">\n<p>                            <script async src=\"\/\/www.instagram.com\/embed.js\"><\/script><\/p>\n","protected":false},"excerpt":{"rendered":"Atriz americana fez lista com cl\u00e1ssico de Tom Jobim e Elis Regina e mencionou carta aberta de Gabriel&hellip;\n","protected":false},"author":2,"featured_media":204975,"comment_status":"","ping_status":"","sticky":false,"template":"","format":"standard","meta":{"footnotes":""},"categories":[145],"tags":[7556,211,210,114,115,32,33],"class_list":{"0":"post-204974","1":"post","2":"type-post","3":"status-publish","4":"format-standard","5":"has-post-thumbnail","7":"category-celebridades","8":"tag-anne-hathaway","9":"tag-celebridades","10":"tag-celebrities","11":"tag-entertainment","12":"tag-entretenimento","13":"tag-portugal","14":"tag-pt"},"share_on_mastodon":{"url":"https:\/\/pubeurope.com\/@pt\/115793229703191231","error":""},"_links":{"self":[{"href":"https:\/\/www.europesays.com\/pt\/wp-json\/wp\/v2\/posts\/204974","targetHints":{"allow":["GET"]}}],"collection":[{"href":"https:\/\/www.europesays.com\/pt\/wp-json\/wp\/v2\/posts"}],"about":[{"href":"https:\/\/www.europesays.com\/pt\/wp-json\/wp\/v2\/types\/post"}],"author":[{"embeddable":true,"href":"https:\/\/www.europesays.com\/pt\/wp-json\/wp\/v2\/users\/2"}],"replies":[{"embeddable":true,"href":"https:\/\/www.europesays.com\/pt\/wp-json\/wp\/v2\/comments?post=204974"}],"version-history":[{"count":0,"href":"https:\/\/www.europesays.com\/pt\/wp-json\/wp\/v2\/posts\/204974\/revisions"}],"wp:featuredmedia":[{"embeddable":true,"href":"https:\/\/www.europesays.com\/pt\/wp-json\/wp\/v2\/media\/204975"}],"wp:attachment":[{"href":"https:\/\/www.europesays.com\/pt\/wp-json\/wp\/v2\/media?parent=204974"}],"wp:term":[{"taxonomy":"category","embeddable":true,"href":"https:\/\/www.europesays.com\/pt\/wp-json\/wp\/v2\/categories?post=204974"},{"taxonomy":"post_tag","embeddable":true,"href":"https:\/\/www.europesays.com\/pt\/wp-json\/wp\/v2\/tags?post=204974"}],"curies":[{"name":"wp","href":"https:\/\/api.w.org\/{rel}","templated":true}]}}