{"id":204978,"date":"2025-12-27T19:44:07","date_gmt":"2025-12-27T19:44:07","guid":{"rendered":"https:\/\/www.europesays.com\/pt\/204978\/"},"modified":"2025-12-27T19:44:07","modified_gmt":"2025-12-27T19:44:07","slug":"absolute-batman-scott-snyder-confirma-a-chegada-da-corte-das-corujas","status":"publish","type":"post","link":"https:\/\/www.europesays.com\/pt\/204978\/","title":{"rendered":"Absolute Batman | Scott Snyder confirma a chegada da Corte das Corujas"},"content":{"rendered":"<p class=\"wp-block-yoast-seo-estimated-reading-time yoast-reading-time__wrapper\">Estimated reading time: 3 minutos<\/p>\n<p>Se havia uma d\u00favida sobre quais grandes amea\u00e7as <strong>Scott Snyder<\/strong> traria para o seu aclamado run em <a href=\"https:\/\/ovicio.com.br\/tag\/absolute-batman\" rel=\"nofollow noopener\" target=\"_blank\">Absolute Batman<\/a>, a resposta acaba de chegar e promete abalar as funda\u00e7\u00f5es de Gotham. O roteirista confirmou que a <strong>Corte das Corujas<\/strong>, sociedade secreta que ele co-criou durante os <strong>Novos 52<\/strong>, est\u00e1 a caminho do <strong>Universo Absolute<\/strong>.<\/p>\n<p>A revela\u00e7\u00e3o foi feita em um v\u00eddeo no <strong>TikTok<\/strong>, onde Snyder, ao ser questionado sobre o retorno dos vil\u00f5es, foi direto ao ponto.<\/p>\n<p>Sem fazer muito mist\u00e9rio, Snyder indicou que a espera n\u00e3o ser\u00e1 longa. <strong>&#8220;Eles podem aparecer na edi\u00e7\u00e3o #17\u2026 muito em breve&#8221;<\/strong>, disse o autor.<\/p>\n<p>Considerando que Snyder \u00e9 um dos pais da <strong>Corte das Corujas<\/strong> (ao lado de <strong>Greg Capullo<\/strong>), a introdu\u00e7\u00e3o dessa sociedade no <strong>Universo Absolute<\/strong> carrega um peso enorme. Nos quadrinhos originais, a <strong>Corte<\/strong> \u00e9 descrita como a verdadeira governante de Gotham, controlando a cidade das sombras h\u00e1 s\u00e9culos atrav\u00e9s de seus assassinos, os <strong>Garras<\/strong>. Resta saber como essa mitologia ser\u00e1 adaptada para a realidade mais brutal e oper\u00e1ria do <strong>Batman Absolute<\/strong>, onde <strong>Bruce Wayne<\/strong> n\u00e3o possui a fortuna e os recursos de sua contraparte tradicional.<\/p>\n<p>Al\u00e9m da <strong>Corte<\/strong>, a edi\u00e7\u00e3o #17 promete ser um ponto de virada para a galeria de vil\u00f5es da s\u00e9rie. Relat\u00f3rios indicam que a <strong>Hera Venenosa<\/strong> tamb\u00e9m far\u00e1 sua estreia neste mesmo arco.<\/p>\n<p>Snyder j\u00e1 havia indicado anteriormente que o segundo arco de <strong>Absolute Batman<\/strong> traria uma vers\u00e3o reimaginada do <strong>Espantalho<\/strong>, al\u00e9m do retorno do bizarro <strong>Senhor Frio Absolute<\/strong>. Com a confirma\u00e7\u00e3o da <strong>Corte das Corujas<\/strong>, o cen\u00e1rio est\u00e1 montado para que Bruce enfrente um verdadeiro ex\u00e9rcito de inimigos cl\u00e1ssicos em 2026.<\/p>\n<p><strong>Absolute Batman<\/strong> tem sido um sucesso absoluto de vendas e cr\u00edtica, liderando a nova iniciativa da <a href=\"https:\/\/ovicio.com.br\/tag\/dc-comics\" rel=\"nofollow noopener\" target=\"_blank\">DC Comics<\/a>.<\/p>\n<p>Leia tamb\u00e9m sobre Absolute Batman:<\/p>\n","protected":false},"excerpt":{"rendered":"Estimated reading time: 3 minutos Se havia uma d\u00favida sobre quais grandes amea\u00e7as Scott Snyder traria para o&hellip;\n","protected":false},"author":2,"featured_media":204979,"comment_status":"","ping_status":"","sticky":false,"template":"","format":"standard","meta":{"footnotes":""},"categories":[140],"tags":[40513,40525,114,115,147,148,146,32,33],"class_list":{"0":"post-204978","1":"post","2":"type-post","3":"status-publish","4":"format-standard","5":"has-post-thumbnail","7":"category-filmes","8":"tag-absolute-batman","9":"tag-corte-das-corujas","10":"tag-entertainment","11":"tag-entretenimento","12":"tag-film","13":"tag-filmes","14":"tag-movies","15":"tag-portugal","16":"tag-pt"},"share_on_mastodon":{"url":"https:\/\/pubeurope.com\/@pt\/115793249367558488","error":""},"_links":{"self":[{"href":"https:\/\/www.europesays.com\/pt\/wp-json\/wp\/v2\/posts\/204978","targetHints":{"allow":["GET"]}}],"collection":[{"href":"https:\/\/www.europesays.com\/pt\/wp-json\/wp\/v2\/posts"}],"about":[{"href":"https:\/\/www.europesays.com\/pt\/wp-json\/wp\/v2\/types\/post"}],"author":[{"embeddable":true,"href":"https:\/\/www.europesays.com\/pt\/wp-json\/wp\/v2\/users\/2"}],"replies":[{"embeddable":true,"href":"https:\/\/www.europesays.com\/pt\/wp-json\/wp\/v2\/comments?post=204978"}],"version-history":[{"count":0,"href":"https:\/\/www.europesays.com\/pt\/wp-json\/wp\/v2\/posts\/204978\/revisions"}],"wp:featuredmedia":[{"embeddable":true,"href":"https:\/\/www.europesays.com\/pt\/wp-json\/wp\/v2\/media\/204979"}],"wp:attachment":[{"href":"https:\/\/www.europesays.com\/pt\/wp-json\/wp\/v2\/media?parent=204978"}],"wp:term":[{"taxonomy":"category","embeddable":true,"href":"https:\/\/www.europesays.com\/pt\/wp-json\/wp\/v2\/categories?post=204978"},{"taxonomy":"post_tag","embeddable":true,"href":"https:\/\/www.europesays.com\/pt\/wp-json\/wp\/v2\/tags?post=204978"}],"curies":[{"name":"wp","href":"https:\/\/api.w.org\/{rel}","templated":true}]}}