{"id":204999,"date":"2025-12-27T20:02:16","date_gmt":"2025-12-27T20:02:16","guid":{"rendered":"https:\/\/www.europesays.com\/pt\/204999\/"},"modified":"2025-12-27T20:02:16","modified_gmt":"2025-12-27T20:02:16","slug":"dor-no-calcanhar-pode-indicar-tendinite-de-aquiles-tudo-rondonia","status":"publish","type":"post","link":"https:\/\/www.europesays.com\/pt\/204999\/","title":{"rendered":"Dor no calcanhar pode indicar tendinite de Aquiles | Tudo Rond\u00f4nia"},"content":{"rendered":"<p><img decoding=\"async\" src=\"https:\/\/www.europesays.com\/pt\/wp-content\/uploads\/2025\/12\/27-12-25-h12gm6usn6txvng.jpg\" alt=\"Dor no calcanhar pode indicar tendinite de Aquiles\"\/><\/p>\n<p>Voc\u00ea j\u00e1 sentiu dor na parte de tr\u00e1s do calcanhar, que piora ao caminhar ou fazer exerc\u00edcio? Pode ser tendinite do tend\u00e3o de Aquiles, uma inflama\u00e7\u00e3o comum, especialmente em pessoas ativas.&#13;<br \/>\n&#13;\n<\/p>\n<p>\u201cOs principais sinais incluem dor logo acima do calcanhar, piora ao ficar na ponta dos p\u00e9s, incha\u00e7o, vermelhid\u00e3o e rigidez matinal\u201d, explica o ortopedista Dr. Rafael Trevisan Ortiz (CRM: 93.934\/SP | RQE: 20.675).&#13;<br \/>\n&#13;\n<\/p>\n<p><strong>Em casos mais graves, o tend\u00e3o pode engrossar ou at\u00e9 se romper, causando dor intensa. O tratamento envolve repouso, gelo, anti-inflamat\u00f3rios, cal\u00e7ados com leve salto e exerc\u00edcios orientados. Em alguns casos, pode ser necess\u00e1ria cirurgia.<\/strong>&#13;<br \/>\n&#13;\n<\/p>\n<p><strong>Veja ao v\u00eddeo com a explica\u00e7\u00e3o do especialista:<\/strong><\/p>\n<p>&#13;<br \/>\n&#13;\n<\/p>\n<p>Tenha acesso aos conte\u00fados do Doutor Ajuda. Acesse o <a href=\"http:\/\/www.portaldoutorajuda.com.br\" target=\"_blank\" rel=\"nofollow noopener\">site<\/a>.&#13;<\/p>\n","protected":false},"excerpt":{"rendered":"Voc\u00ea j\u00e1 sentiu dor na parte de tr\u00e1s do calcanhar, que piora ao caminhar ou fazer exerc\u00edcio? Pode&hellip;\n","protected":false},"author":2,"featured_media":205000,"comment_status":"","ping_status":"","sticky":false,"template":"","format":"standard","meta":{"footnotes":""},"categories":[86],"tags":[40534,40353,20116,40352,40531,40356,13482,1458,5474,24853,9977,14225,40358,116,40532,40354,1428,7892,3315,40351,32,3046,33,40355,40350,40357,117,9979,40533],"class_list":{"0":"post-204999","1":"post","2":"type-post","3":"status-publish","4":"format-standard","5":"has-post-thumbnail","7":"category-saude","8":"tag-aquiles","9":"tag-ariquemes","10":"tag-assembleia-legislativa","11":"tag-cacoal","12":"tag-calcanhar","13":"tag-candeias-do-jamari","14":"tag-concursos","15":"tag-de","16":"tag-dor","17":"tag-educao","18":"tag-eleies","19":"tag-empregos","20":"tag-governo-de-rondnia","21":"tag-health","22":"tag-indicar","23":"tag-ji-paran","24":"tag-jornalismo","25":"tag-no","26":"tag-pode","27":"tag-porto-velho","28":"tag-portugal","29":"tag-prefeitura","30":"tag-pt","31":"tag-rolim-de-moura","32":"tag-rondnia","33":"tag-rubens-coutinho","34":"tag-saude","35":"tag-servidores","36":"tag-tendinite"},"share_on_mastodon":{"url":"https:\/\/pubeurope.com\/@pt\/115793320106298058","error":""},"_links":{"self":[{"href":"https:\/\/www.europesays.com\/pt\/wp-json\/wp\/v2\/posts\/204999","targetHints":{"allow":["GET"]}}],"collection":[{"href":"https:\/\/www.europesays.com\/pt\/wp-json\/wp\/v2\/posts"}],"about":[{"href":"https:\/\/www.europesays.com\/pt\/wp-json\/wp\/v2\/types\/post"}],"author":[{"embeddable":true,"href":"https:\/\/www.europesays.com\/pt\/wp-json\/wp\/v2\/users\/2"}],"replies":[{"embeddable":true,"href":"https:\/\/www.europesays.com\/pt\/wp-json\/wp\/v2\/comments?post=204999"}],"version-history":[{"count":0,"href":"https:\/\/www.europesays.com\/pt\/wp-json\/wp\/v2\/posts\/204999\/revisions"}],"wp:featuredmedia":[{"embeddable":true,"href":"https:\/\/www.europesays.com\/pt\/wp-json\/wp\/v2\/media\/205000"}],"wp:attachment":[{"href":"https:\/\/www.europesays.com\/pt\/wp-json\/wp\/v2\/media?parent=204999"}],"wp:term":[{"taxonomy":"category","embeddable":true,"href":"https:\/\/www.europesays.com\/pt\/wp-json\/wp\/v2\/categories?post=204999"},{"taxonomy":"post_tag","embeddable":true,"href":"https:\/\/www.europesays.com\/pt\/wp-json\/wp\/v2\/tags?post=204999"}],"curies":[{"name":"wp","href":"https:\/\/api.w.org\/{rel}","templated":true}]}}