{"id":20500,"date":"2025-08-07T23:56:25","date_gmt":"2025-08-07T23:56:25","guid":{"rendered":"https:\/\/www.europesays.com\/pt\/20500\/"},"modified":"2025-08-07T23:56:25","modified_gmt":"2025-08-07T23:56:25","slug":"situacao-de-alerta-prolongada-ate-13-de-agosto-xxv-governo-constitucional","status":"publish","type":"post","link":"https:\/\/www.europesays.com\/pt\/20500\/","title":{"rendered":"Situa\u00e7\u00e3o de alerta prolongada at\u00e9 13 de agosto &#8211; XXV Governo Constitucional"},"content":{"rendered":"<ol>\n<li><a href=\"https:\/\/news.google.com\/rss\/articles\/CBMipwFBVV95cUxOOGtjY25oelhSTjdub29LZ1Ewcl8wVVh1SnZaTjQxVElsWG9Fb2liSEpwYU9ERkNUbjNUMTYwSVdFRHQ1U2tZWURxQ1MxcnhVcEhPZWJ2NEczdGh1QzYta0RCTTYxZ2VWSDVWaVZzVm1XemJEYzVNU2IwR1daQ0dGMnNLZEYyX0pOZVZBWG9tZS1FS3hVU1VmaDJfUXVMQ1BCSTdvd3N0Yw?oc=5\" target=\"_blank\" rel=\"nofollow noopener\">Situa\u00e7\u00e3o de alerta prolongada at\u00e9 13 de agosto<\/a>&nbsp;&nbsp;XXV Governo Constitucional<\/li>\n<li><a href=\"https:\/\/news.google.com\/rss\/articles\/CBMiqAFBVV95cUxQenEyc2h5ajFpYUxqMk9WRjd3M0FlcGRrX1lIb2I2blhCODBJU1A4NlpzN2VJaEJnNTN0QVJFM2NobjRMMGRpZzIzR1ZTdktGdENQY1Vzd3RoUy1mRVBIdTZVRVdOaFFTLUJqOVlqVmFQWnU0U1JDRUFCdUowRTFhZXRCRUlBQkxHRWxBMjVvYmN5eExVbzJJNTk3QUJQbGlscklHTEpDOGE?oc=5\" target=\"_blank\" rel=\"nofollow noopener\">Portugal em alerta. A evolu\u00e7\u00e3o da resposta a inc\u00eandios ao minuto<\/a>&nbsp;&nbsp;RTP<\/li>\n<li><a href=\"https:\/\/news.google.com\/rss\/articles\/CBMiqgFBVV95cUxOTC1tTWNGZGx3eEtRME9pRmFEZ081bWE5bU1sVGcycmJ1eEZvcm45V2VnQnE3MjV3WXlyOElHbEs3MjU5UDJsVWR5NDdlX19zUVZnRm5XMGdsbzIyY0pWU0JLUFp0Y0FhaGQxMFBySVROQVV6cFlTb0x3TjZqMi0za2lldnNoSnBDSnoyMXVMeTFaVVJXOGFXMEFvUlpwR09uSzczYmgtbTE1QQ?oc=5\" target=\"_blank\" rel=\"nofollow noopener\">Governo prolonga situa\u00e7\u00e3o de alerta at\u00e9 13 de agosto devido ao risco de inc\u00eandio<\/a>&nbsp;&nbsp;Euronews.com<\/li>\n<li><a href=\"https:\/\/news.google.com\/rss\/articles\/CBMipAFBVV95cUxORkU2dDA5cXR4Szg2dFVTMHFUal93a01fV1B2WW9IWGNLTG5TaUZlY05Qbll4NFI4Z0tuZHNpY1FoWUZpazhKbEtpemlQYmRVRUxJaTZSTWZET3Q2emd0OU1tY3NLQnpWa1BlMGlGOG9NZlRnOHFJNUpyeU94MUk4amxWemR5Q3FzR1FmR3lIc3lnVnlDRTI2akVmTUtqVFJFT21OYQ?oc=5\" target=\"_blank\" rel=\"nofollow noopener\">Pen\u00ednsula Ib\u00e9rica em alerta m\u00e1ximo devido a onda de calor e inc\u00eandios<\/a>&nbsp;&nbsp;Metr\u00f3poles<\/li>\n<li><a href=\"https:\/\/news.google.com\/rss\/articles\/CBMirgFBVV95cUxPR21PX0x6RlZmZldtMFFERlQ3bFc1RG9wVHdQNVYwYnVLQVR5Y1NiQ0ZzZU94RXd3aU5fTGt3TVpaWjRaM3JBYklOUjJyTzZ3OHdqbWJNQ3NfM2llTGtDdk5ha0RNdzlrU25fNElRd2MycmxlbjU3T0hQUVFGSHpTRzVaOUo0QnhQMW9BM3Y0RUVnN1ViQUxsVjBuanVvdmRsSkNqUXZIdUVxcFRIWnc?oc=5\" target=\"_blank\" rel=\"nofollow noopener\">Inc\u00eandios. Cerca de 100 concelhos do interior Norte e Centro em risco m\u00e1ximo<\/a>&nbsp;&nbsp;Observador<\/li>\n<\/ol>\n","protected":false},"excerpt":{"rendered":"Situa\u00e7\u00e3o de alerta prolongada at\u00e9 13 de agosto&nbsp;&nbsp;XXV Governo Constitucional Portugal em alerta. A evolu\u00e7\u00e3o da resposta a&hellip;\n","protected":false},"author":2,"featured_media":12989,"comment_status":"","ping_status":"","sticky":false,"template":"","format":"standard","meta":{"footnotes":""},"categories":[10],"tags":[4846,4847,4848,27,28,15,16,14,25,26,21,22,12,13,19,20,32,23,24,33,17,18,29,30,31,4845],"class_list":{"0":"post-20500","1":"post","2":"type-post","3":"status-publish","4":"format-standard","5":"has-post-thumbnail","7":"category-portugal","8":"tag-governodeportugal","9":"tag-republicaportuguesa","10":"tag-xxvgovernoconstitucional","11":"tag-breaking-news","12":"tag-breakingnews","13":"tag-featured-news","14":"tag-featurednews","15":"tag-headlines","16":"tag-latest-news","17":"tag-latestnews","18":"tag-main-news","19":"tag-mainnews","20":"tag-news","21":"tag-noticias","22":"tag-noticias-principais","23":"tag-noticiasprincipais","24":"tag-portugal","25":"tag-principais-noticias","26":"tag-principaisnoticias","27":"tag-pt","28":"tag-top-stories","29":"tag-topstories","30":"tag-ultimas","31":"tag-ultimas-noticias","32":"tag-ultimasnoticias","33":"tag-xxvgoverno"},"share_on_mastodon":{"url":"","error":""},"_links":{"self":[{"href":"https:\/\/www.europesays.com\/pt\/wp-json\/wp\/v2\/posts\/20500","targetHints":{"allow":["GET"]}}],"collection":[{"href":"https:\/\/www.europesays.com\/pt\/wp-json\/wp\/v2\/posts"}],"about":[{"href":"https:\/\/www.europesays.com\/pt\/wp-json\/wp\/v2\/types\/post"}],"author":[{"embeddable":true,"href":"https:\/\/www.europesays.com\/pt\/wp-json\/wp\/v2\/users\/2"}],"replies":[{"embeddable":true,"href":"https:\/\/www.europesays.com\/pt\/wp-json\/wp\/v2\/comments?post=20500"}],"version-history":[{"count":0,"href":"https:\/\/www.europesays.com\/pt\/wp-json\/wp\/v2\/posts\/20500\/revisions"}],"wp:featuredmedia":[{"embeddable":true,"href":"https:\/\/www.europesays.com\/pt\/wp-json\/wp\/v2\/media\/12989"}],"wp:attachment":[{"href":"https:\/\/www.europesays.com\/pt\/wp-json\/wp\/v2\/media?parent=20500"}],"wp:term":[{"taxonomy":"category","embeddable":true,"href":"https:\/\/www.europesays.com\/pt\/wp-json\/wp\/v2\/categories?post=20500"},{"taxonomy":"post_tag","embeddable":true,"href":"https:\/\/www.europesays.com\/pt\/wp-json\/wp\/v2\/tags?post=20500"}],"curies":[{"name":"wp","href":"https:\/\/api.w.org\/{rel}","templated":true}]}}