{"id":205005,"date":"2025-12-27T20:06:54","date_gmt":"2025-12-27T20:06:54","guid":{"rendered":"https:\/\/www.europesays.com\/pt\/205005\/"},"modified":"2025-12-27T20:06:54","modified_gmt":"2025-12-27T20:06:54","slug":"ft-afrouxar-regras-para-competir-seria-um-erro-para-a-ue-diz-chefe-da-concorrencia-empresas","status":"publish","type":"post","link":"https:\/\/www.europesays.com\/pt\/205005\/","title":{"rendered":"FT: Afrouxar regras para competir seria um erro para a UE, diz chefe da concorr\u00eancia | Empresas"},"content":{"rendered":"\n<p class=\" content-text__container theme-color-primary-first-letter\" data-track-category=\"Link no Texto\" data-track-links=\"\"> A Europa precisa defender com mais firmeza seu sistema regulat\u00f3rio para permanecer competitiva no cen\u00e1rio global, afirmou a comiss\u00e1ria europeia da Concorr\u00eancia, em um apelo para que o bloco resista \u00e0 press\u00e3o de Donald Trump e de grupos internos que defendem mudan\u00e7as. Ao defender uma supervis\u00e3o rigorosa de Bruxelas sobre a economia europeia, Teresa Ribera, n\u00famero dois da Comiss\u00e3o Europeia, disse ao \u201cFinancial Times\u201d que a Uni\u00e3o Europeia n\u00e3o pode \u201ccompetir em uma corrida de desregulamenta\u00e7\u00e3o\u201d.<\/p>\n","protected":false},"excerpt":{"rendered":"A Europa precisa defender com mais firmeza seu sistema regulat\u00f3rio para permanecer competitiva no cen\u00e1rio global, afirmou a&hellip;\n","protected":false},"author":2,"featured_media":205006,"comment_status":"","ping_status":"","sticky":false,"template":"","format":"standard","meta":{"footnotes":""},"categories":[83],"tags":[1835,88,1834,92,89,90,445,32,33,40535,636],"class_list":{"0":"post-205005","1":"post","2":"type-post","3":"status-publish","4":"format-standard","5":"has-post-thumbnail","7":"category-empresas","8":"tag-bruxelas","9":"tag-business","10":"tag-comissao-europeia","11":"tag-donald-trump","12":"tag-economy","13":"tag-empresas","14":"tag-europa","15":"tag-portugal","16":"tag-pt","17":"tag-teresa-ribera","18":"tag-uniao-europeia"},"share_on_mastodon":{"url":"https:\/\/pubeurope.com\/@pt\/115793339564905678","error":""},"_links":{"self":[{"href":"https:\/\/www.europesays.com\/pt\/wp-json\/wp\/v2\/posts\/205005","targetHints":{"allow":["GET"]}}],"collection":[{"href":"https:\/\/www.europesays.com\/pt\/wp-json\/wp\/v2\/posts"}],"about":[{"href":"https:\/\/www.europesays.com\/pt\/wp-json\/wp\/v2\/types\/post"}],"author":[{"embeddable":true,"href":"https:\/\/www.europesays.com\/pt\/wp-json\/wp\/v2\/users\/2"}],"replies":[{"embeddable":true,"href":"https:\/\/www.europesays.com\/pt\/wp-json\/wp\/v2\/comments?post=205005"}],"version-history":[{"count":0,"href":"https:\/\/www.europesays.com\/pt\/wp-json\/wp\/v2\/posts\/205005\/revisions"}],"wp:featuredmedia":[{"embeddable":true,"href":"https:\/\/www.europesays.com\/pt\/wp-json\/wp\/v2\/media\/205006"}],"wp:attachment":[{"href":"https:\/\/www.europesays.com\/pt\/wp-json\/wp\/v2\/media?parent=205005"}],"wp:term":[{"taxonomy":"category","embeddable":true,"href":"https:\/\/www.europesays.com\/pt\/wp-json\/wp\/v2\/categories?post=205005"},{"taxonomy":"post_tag","embeddable":true,"href":"https:\/\/www.europesays.com\/pt\/wp-json\/wp\/v2\/tags?post=205005"}],"curies":[{"name":"wp","href":"https:\/\/api.w.org\/{rel}","templated":true}]}}