{"id":205007,"date":"2025-12-27T20:08:08","date_gmt":"2025-12-27T20:08:08","guid":{"rendered":"https:\/\/www.europesays.com\/pt\/205007\/"},"modified":"2025-12-27T20:08:08","modified_gmt":"2025-12-27T20:08:08","slug":"canada-promete-mais-25-mil-milhoes-de-dolares-de-ajuda-economica-a-ucrania","status":"publish","type":"post","link":"https:\/\/www.europesays.com\/pt\/205007\/","title":{"rendered":"Canad\u00e1 promete mais 2,5 mil milh\u00f5es de d\u00f3lares de ajuda econ\u00f3mica \u00e0 Ucr\u00e2nia"},"content":{"rendered":"<p>&#13;<br \/>\nA assist\u00eancia ajudar\u00e1 a Ucr\u00e2nia a desbloquear o financiamento do Fundo Monet\u00e1rio Internacional, FMI, disse Carney ao lado do presidente ucraniano, Volodymyr \u200dZelenskiy, em confer\u00eancia de imprensa ap\u00f3s a reuni\u00e3o entre ambos.&#13;\n<\/p>\n<p>&#13;<br \/>\n<b>Volodymyr Zelenskiy espera uma reuni\u00e3o &#8220;muito produtiva&#8221;, com Donald Trump, amanh\u00e3, na Florida.<\/b><br \/>&#13;\n<\/p>\n<p>          <img decoding=\"async\" itemprop=\"image\" class=\"img-fluid\"   src=\"https:\/\/www.europesays.com\/pt\/wp-content\/uploads\/2025\/12\/e3ec2f1a81c529065d519551d28e6f6e_N.jpg\"\/><\/p>\n<p>&#13;<br \/>\nO primeiro-ministro canadiano afirmou tamb\u00e9m que alcan\u00e7ar a paz na Ucr\u00e2nia exige &#8220;uma R\u00fassia disposta a cooperar&#8221;. Zelensky dever\u00e1 deslocar-se este domingo \u00e0 Florida, EUA, para um novo encontro com o presidente norte-americano, Donald Trump, para tentar finalizar a proposta de acordo de paz a apresentar \u00e0 R\u00fassia.&#13;\n<\/p>\n<p>\nO Presidente russo, Vladimir Putin, afirmou este s\u00e1bado, contudo, que<b> a R\u00fassia percebeu que Kiev n\u00e3o tem pressa em terminar o conflito com a Ucr\u00e2nia atrav\u00e9s de meios pac\u00edficos<\/b>, de acordo com a ag\u00eancia de not\u00edcias Interfax.<\/p>\n<p>Putin disse que, se a Ucr\u00e2nia n\u00e3o quisesse resolver o conflito de forma pac\u00edfica, a R\u00fassia alcan\u00e7aria todos os objetivos da sua &#8220;opera\u00e7\u00e3o militar especial&#8221; pela for\u00e7a, informou por seu lado a ag\u00eancia de not\u00edcias estatal russa TASS.<\/p>\n<p>Vladimir Putin, inspecionava esta tarde um dos postos de comando das For\u00e7as Armadas russas, noticiou o Kremlin.<\/p>\n<p>Putin recebeu na altura um relat\u00f3rio do chefe do Estado-Maior das For\u00e7as Armadas da R\u00fassia, Valery Gerasimov, bem como dos comandantes dos grupos &#8220;Centro&#8221; e &#8220;Leste&#8221; das for\u00e7as russas.<\/p>\n<p>&#13;<br \/>\n<b>Putin foi informado de que as for\u00e7as russas tinham capturado a cidade de Myrnohrad, na regi\u00e3o de Donetsk, na Ucr\u00e2nia, bem como Huliaipole, na regi\u00e3o de Zapor\u00edzhia<\/b>, tamb\u00e9m na Ucr\u00e2nia, informou o Kremlin no seu canal de Telegram.&#13;\n<\/p>\n<p>&#13;<br \/>\nA madrugada deste s\u00e1bado ficou marcada por um novo ataque russo massivo a Kiev e aos arredores da capital russa, com dezenas de drones e de m\u00edsseis, durante pelo menos quatro horas.&#13;\n<\/p>\n<p>&#13;<br \/>\nO ataque fez pelo menos dois mortos e 40 feridos. Pelo fim da tarde, mais de um milh\u00e3o de casas em toda a regi\u00e3o, estava sem eletricidade.&#13;<\/p>\n","protected":false},"excerpt":{"rendered":"&#13; A assist\u00eancia ajudar\u00e1 a Ucr\u00e2nia a desbloquear o financiamento do Fundo Monet\u00e1rio Internacional, FMI, disse Carney ao&hellip;\n","protected":false},"author":2,"featured_media":205008,"comment_status":"","ping_status":"","sticky":false,"template":"","format":"standard","meta":{"footnotes":""},"categories":[50],"tags":[27,28,2965,15,16,14,25,26,21,22,4406,62,12,13,19,20,23,24,17,18,840,29,30,31,2416,63,64,65],"class_list":{"0":"post-205007","1":"post","2":"type-post","3":"status-publish","4":"format-standard","5":"has-post-thumbnail","7":"category-mundo","8":"tag-breaking-news","9":"tag-breakingnews","10":"tag-canada","11":"tag-featured-news","12":"tag-featurednews","13":"tag-headlines","14":"tag-latest-news","15":"tag-latestnews","16":"tag-main-news","17":"tag-mainnews","18":"tag-mark-carney","19":"tag-mundo","20":"tag-news","21":"tag-noticias","22":"tag-noticias-principais","23":"tag-noticiasprincipais","24":"tag-principais-noticias","25":"tag-principaisnoticias","26":"tag-top-stories","27":"tag-topstories","28":"tag-ucrania","29":"tag-ultimas","30":"tag-ultimas-noticias","31":"tag-ultimasnoticias","32":"tag-volodymyr-zelensky","33":"tag-world","34":"tag-world-news","35":"tag-worldnews"},"share_on_mastodon":{"url":"https:\/\/pubeurope.com\/@pt\/115793343851136768","error":""},"_links":{"self":[{"href":"https:\/\/www.europesays.com\/pt\/wp-json\/wp\/v2\/posts\/205007","targetHints":{"allow":["GET"]}}],"collection":[{"href":"https:\/\/www.europesays.com\/pt\/wp-json\/wp\/v2\/posts"}],"about":[{"href":"https:\/\/www.europesays.com\/pt\/wp-json\/wp\/v2\/types\/post"}],"author":[{"embeddable":true,"href":"https:\/\/www.europesays.com\/pt\/wp-json\/wp\/v2\/users\/2"}],"replies":[{"embeddable":true,"href":"https:\/\/www.europesays.com\/pt\/wp-json\/wp\/v2\/comments?post=205007"}],"version-history":[{"count":0,"href":"https:\/\/www.europesays.com\/pt\/wp-json\/wp\/v2\/posts\/205007\/revisions"}],"wp:featuredmedia":[{"embeddable":true,"href":"https:\/\/www.europesays.com\/pt\/wp-json\/wp\/v2\/media\/205008"}],"wp:attachment":[{"href":"https:\/\/www.europesays.com\/pt\/wp-json\/wp\/v2\/media?parent=205007"}],"wp:term":[{"taxonomy":"category","embeddable":true,"href":"https:\/\/www.europesays.com\/pt\/wp-json\/wp\/v2\/categories?post=205007"},{"taxonomy":"post_tag","embeddable":true,"href":"https:\/\/www.europesays.com\/pt\/wp-json\/wp\/v2\/tags?post=205007"}],"curies":[{"name":"wp","href":"https:\/\/api.w.org\/{rel}","templated":true}]}}