{"id":205025,"date":"2025-12-27T20:27:18","date_gmt":"2025-12-27T20:27:18","guid":{"rendered":"https:\/\/www.europesays.com\/pt\/205025\/"},"modified":"2025-12-27T20:27:18","modified_gmt":"2025-12-27T20:27:18","slug":"torneiras-podem-secar-neste-pais-crise-da-agua-e-tao-grave-que-se-ve-do-espaco","status":"publish","type":"post","link":"https:\/\/www.europesays.com\/pt\/205025\/","title":{"rendered":"Torneiras podem secar neste pa\u00eds. Crise da \u00e1gua \u00e9 t\u00e3o grave que se v\u00ea do espa\u00e7o"},"content":{"rendered":"<p>\t                Na fotografia de capa deste artigo v\u00ea-se o leito seco do rio Zayandeh Rud, na cidade hist\u00f3rica de Isfahan, no Ir\u00e3o, a 22 de fevereiro de 2025<\/p>\n<p style=\"margin-bottom:11px\">Filas de fi\u00e9is, alguns com os rostos virados para o c\u00e9u, outros de cabe\u00e7a baixa, rezam numa mesquita de Teer\u00e3o. Pedem chuva. O apelo \u00e9 cada vez mais desesperado. A cidade enfrenta uma crise h\u00eddrica t\u00e3o grave que o presidente iraniano chegou a sugerir que as pessoas talvez tenham de fugir para outro local. As semanas passam, a chuva continua a n\u00e3o chegar.<\/p>\n<p>H\u00e1 medo de que a \u00e1gua possa acabar por completa nesta cidade, que \u00e9 grande e movimentada. A sua \u00e1rea metropolitana alberga cerca de 15 milh\u00f5es de pessoas.<\/p>\n<p>Num discurso, o presidente Masoud Pezeshkian informou que o abastecimento de \u00e1gua seria racionado caso n\u00e3o chovesse em Teer\u00e3o at\u00e9 ao m\u00eas de dezembro. Se a falta de chuva persistir, \u201cteremos de retirar\u201d os residentes, disse. Muitos especialistas consideram que a evacua\u00e7\u00e3o n\u00e3o \u00e9 vi\u00e1vel. Contudo, a ret\u00f3rica de Pezeshkian reflete a gravidade da situa\u00e7\u00e3o no Ir\u00e3o.<\/p>\n<p>Teer\u00e3o est\u00e1 no centro das aten\u00e7\u00f5es, mas esta \u00e9 uma crise que vai muito al\u00e9m da capital. Cerca de 20 prov\u00edncias n\u00e3o viram uma \u00fanica gota de chuva desde o in\u00edcio da esta\u00e7\u00e3o das chuvas, que come\u00e7ou em setembro, explica Mohsen B. Mesgaran, professor de ci\u00eancias vegetais na University of California, Davis. Cerca de 10% das barragens do pa\u00eds est\u00e3o praticamente secas, segundo a Reuters.<\/p>\n<p> <img decoding=\"async\" alt=\"\" src=\"https:\/\/www.europesays.com\/pt\/wp-content\/uploads\/2025\/12\/gettyimages-2246101051.jpg\" width=\"800\"\/> <\/p>\n<p>   Mulheres iranianas rezam por chuva no Santu\u00e1rio de Saleh, em Teer\u00e3o, a 14 de novembro, num momento em que o pa\u00eds sofre uma grave escassez de \u00e1gua (AFP\/Getty Images) <\/p>\n<p style=\"margin-bottom:11px\">As origens dos problemas h\u00eddricos no Ir\u00e3o s\u00e3o semelhantes \u00e0s de muitas partes do mundo: d\u00e9cadas de sobre-explora\u00e7\u00e3o, infraestrutura antiga e com fugas, prolifera\u00e7\u00e3o de barragens em rios, m\u00e1 gest\u00e3o, acusa\u00e7\u00f5es de corrup\u00e7\u00e3o. Nisto tudo corre o fio condutor das altera\u00e7\u00f5es clim\u00e1ticas, que provocam um clima mais quente e seco, o que significa que, ano ap\u00f3s ano, n\u00e3o s\u00e3o reabastecidos os reservat\u00f3rios que secam.<\/p>\n<p>A atual seca no Ir\u00e3o \u00e9 a pior em, pelo menos, 40 anos. Os n\u00edveis de \u00e1gua est\u00e3o a diminuir &#8220;numa altura do ano em que, normalmente, se esperaria que o armazenamento estivesse a recuperar, e n\u00e3o a diminuir ainda mais&#8221;, descreve Amir AghaKouchak, professor de engenharia civil e ambiental na University of California, Irvine.<\/p>\n<p>O Ir\u00e3o, um pa\u00eds que \u00e9 predominantemente semi\u00e1rido, est\u00e1 habituado \u00e0 escassez de \u00e1gua. Contudo, muito raramente esta afetou Teer\u00e3o, onde vive a maioria dos ricos e poderosos do pa\u00eds.<\/p>\n<p>Segundo Mohsen Ardakani, diretor-geral da autoridade respons\u00e1vel pela gest\u00e3o da \u00e1gua e do saneamento na prov\u00edncia de Teer\u00e3o, os principais reservat\u00f3rios que abastecem a cidade est\u00e3o a apenas 11% da sua capacidade, noticiou a ag\u00eancia de not\u00edcias iraniana Mehr.<\/p>\n<p>A barragem de Latyan, a cerca de 24 quil\u00f3metros da cidade, est\u00e1 a apenas 9% da sua capacidade. Desde maio que a albufeira, situada no sop\u00e9 da cordilheira Alborz, recuou ao ponto de deixar um leito de rio quase completamente seco, com apenas alguns filetes de \u00e1gua.<\/p>\n<p>A barragem de Amir Kabir, localizada a cerca de 65 quil\u00f3metros a noroeste de Teer\u00e3o, tamb\u00e9m se encontra em n\u00edveis perigosamente baixos, atualmente a rondar os 8% da sua capacidade total, segundo a Reuters.<\/p>\n<p>Al\u00e9m de Teer\u00e3o, os n\u00edveis de \u00e1gua nas albufeiras que abastecem Mashhad, a segunda maior cidade do Ir\u00e3o, com cerca de tr\u00eas milh\u00f5es de habitantes, est\u00e3o apenas nos 3%, segundo Hossein Esmailian, respons\u00e1vel da empresa de gest\u00e3o de \u00e1gua e esgotos de Mashhad, citado pela ag\u00eancia de not\u00edcias ISNA.<\/p>\n<p>A situa\u00e7\u00e3o do Ir\u00e3o n\u00e3o \u00e9 apenas um desastre no curto prazo. \u00c9 antes uma cat\u00e1strofe em desenvolvimento, a longo prazo, que acarreta danos irrevers\u00edveis, afirma Kaveh Madani, diretor do Instituto de \u00c1gua, Ambiente e Sa\u00fade da Universidade das Na\u00e7\u00f5es Unidas, que antes desempenhava as fun\u00e7\u00f5es de vice-l\u00edder do Departamento do Ambiente do Ir\u00e3o.<\/p>\n<p>Descreve o pa\u00eds como estando numa &#8220;bancarrota h\u00eddrica\u201d, ao extrair \u00e1gua dos seus rios, lagos e zonas h\u00famidas (tal como se estes fosse uma esp\u00e9cie de conta \u00e0 ordem) e dos seus aqu\u00edferos subterr\u00e2neos (como se estes fosse uma conta poupan\u00e7a) a um ritmo muito superior ao da reposi\u00e7\u00e3o.<\/p>\n<p> <img decoding=\"async\" alt=\"\" src=\"https:\/\/www.europesays.com\/pt\/wp-content\/uploads\/2025\/12\/gettyimages-1462230826.jpg\" width=\"800\"\/> <\/p>\n<p>   Agricultores trabalham num arrozal na prov\u00edncia de Golestan, no Ir\u00e3o, em junho de 2023 (Fatemeh Bahrami\/Anadolu Agency\/Getty images) <\/p>\n<p>Segundo os especialistas, o objetivo governamental de alcan\u00e7ar a autossufici\u00eancia alimentar, tamb\u00e9m como resposta \u00e0s san\u00e7\u00f5es ocidentais, \u00e9 a principal causa desta situa\u00e7\u00e3o. \u201cDurante d\u00e9cadas, as pol\u00edticas incentivaram a expans\u00e3o da agricultura de regadio em regi\u00f5es \u00e1ridas\u201d, afirma AghaKouchak.<\/p>\n<p>A \u00e1rea agr\u00edcola irrigada duplicou desde 1979. As planta\u00e7\u00f5es precisam de muita \u00e1gua, especialmente o arroz, que \u00e9 um alimento b\u00e1sico no Ir\u00e3o. A grande maioria da \u00e1gua do Ir\u00e3o, cerca de 90%, \u00e9 destinada \u00e0 agricultura.<\/p>\n<p>O lago Urmia, no noroeste do Ir\u00e3o, \u00e9 uma v\u00edtima clara. Outrora um dos maiores lagos de \u00e1gua salgada do planeta, foi encolhendo ao longo das \u00faltimas d\u00e9cadas. A seca teve a sua quota-parte de culpa. Contudo, o principal culpado s\u00e3o as barragens e po\u00e7os que foram surgindo nas proximidades para abastecer a agricultura, interrompendo o fornecimento de \u00e1gua ao lago. &#8220;Levaram o sistema al\u00e9m do limite&#8221;, diz Mesgaran.<\/p>\n<p> <img decoding=\"async\" alt=\"\" src=\"https:\/\/www.europesays.com\/pt\/wp-content\/uploads\/2025\/12\/gettyimages-1241584852.jpg\" width=\"800\"\/> <\/p>\n<p>   Trigo durante a \u00e9poca de colheita em Qazvin, no Ir\u00e3o, em 2022 (Fatemeh Bahrami\/Anadolu\/Getty images) <\/p>\n<p style=\"margin-bottom:11px\">Foram tamb\u00e9m instaladas nas regi\u00f5es \u00e1ridas e semi\u00e1ridas do Ir\u00e3o v\u00e1rias ind\u00fastrias que consomem muita \u00e1gua, como a ind\u00fastria do petr\u00f3leo e do g\u00e1s, o que fez aumentar a press\u00e3o em \u00e1reas j\u00e1 de si fr\u00e1geis.<\/p>\n<p>O crescimento da popula\u00e7\u00e3o urbana tamb\u00e9m aumentou a procura. A situa\u00e7\u00e3o \u00e9 agravada pela infraestrutura obsoleta. \u201cEstima-se que 30% da \u00e1gua pot\u00e1vel tratada se perca atrav\u00e9s de sistemas de distribui\u00e7\u00e3o antigos e com fugas, e h\u00e1 muito pouca reciclagem de \u00e1gua\u201d, descreve Mesgaran.<\/p>\n<p>E, al\u00e9m de todos estes problemas, h\u00e1 a crise clim\u00e1tica. \u201cA casa ardeu por causa da m\u00e1 gest\u00e3o. As altera\u00e7\u00f5es clim\u00e1ticas est\u00e3o s\u00f3 a piorar a situa\u00e7\u00e3o\u201d, compara Madani.<\/p>\n<p>O Ir\u00e3o enfrenta agora o seu sexto ano consecutivo de seca, que atingiu uma escala, intensidade e dura\u00e7\u00e3o \u201csem precedentes nos tempos modernos\u201d, vinca Madani.<\/p>\n<p> <img decoding=\"async\" alt=\"\" src=\"https:\/\/www.europesays.com\/pt\/wp-content\/uploads\/2025\/12\/gettyimages-2214172633.jpg\" width=\"800\"\/> <\/p>\n<p>   Pist\u00e1cios a crescer numa \u00e1rvore em Sirjan, na prov\u00edncia de Kerman, no Ir\u00e3o, em maio de 2025 (Morteza Nikoubazl\/NurPhoto\/Getty Images) <\/p>\n<p style=\"margin-bottom:11px\">As condi\u00e7\u00f5es que conduziram a este fen\u00f3meno \u2014 pouca chuva e temperaturas elevad\u00edssimas \u2014 n\u00e3o seriam poss\u00edveis sem as altera\u00e7\u00f5es clim\u00e1ticas provocadas pelo ser humano, segundo uma an\u00e1lise recente da rede World Weather Attribution.<\/p>\n<p>Para os habitantes de Teer\u00e3o, a espera \u00e9 angustiante. Havia a esperan\u00e7a de que o outono trouxesse as t\u00e3o necess\u00e1rias chuvas. Contudo, \u00e0 exce\u00e7\u00e3o de alguns aguaceiros isolados, ficou muito longe do que seria suficiente.<\/p>\n<p>As autoridades afirmam que n\u00e3o h\u00e1 um racionamento formal de \u00e1gua. J\u00e1 os moradores relatam uma redu\u00e7\u00e3o da press\u00e3o da \u00e1gua. Por vezes, as torneiras est\u00e3o secas durante algum tempo.<\/p>\n<p>Segundo Madani, a comunica\u00e7\u00e3o do governo com a popula\u00e7\u00e3o tem sido fragmentada e inconsistente, o que leva a elevados n\u00edveis de desconfian\u00e7a e ao florescimento de teorias da conspira\u00e7\u00e3o, incluindo a ideia de que as pot\u00eancias estrangeiras est\u00e3o a modificar o clima do Ir\u00e3o e a roubar as nuvens.<\/p>\n<p>Apesar das palavras do presidente, a evacua\u00e7\u00e3o parece uma possibilidade remota. \u201cPara onde iriam estas pessoas?\u201d, pergunta Mesgaran. \u201cO pa\u00eds enfrenta uma das suas piores crises econ\u00f3micas. A maioria das fam\u00edlias pura e simplesmente n\u00e3o tem condi\u00e7\u00f5es para suportar uma mudan\u00e7a destas\u201d.<\/p>\n<p> <img decoding=\"async\" alt=\"\" src=\"https:\/\/www.europesays.com\/pt\/wp-content\/uploads\/2025\/12\/gettyimages-2245989136.jpg\" width=\"800\"\/> <\/p>\n<p>   Um navio repousa no leito seco do Lago Urmia em outubro de 2024 (Morteza Aminoroayayi\/Middle East Images\/AFP\/Getty Images) <\/p>\n<p style=\"margin-bottom:11px\">Evacua\u00e7\u00f5es tempor\u00e1rias seriam algo mais prov\u00e1vel. No ver\u00e3o, as autoridades anunciaram feriados p\u00fablicos, com car\u00e1cter de emerg\u00eancia, de modo a persuadir as pessoas a abandonarem a cidade. \u201cSe s\u00f3 tivermos \u00e1gua para alguns dias ou semanas, poupar durante algumas horas pode fazer uma grande diferen\u00e7a\u201d, aponta Madani.<\/p>\n<p>O governo tamb\u00e9m tentou um processo de semeadura de nuvens, onde s\u00e3o injetadas part\u00edculas nas nuvens para atrair chuva ou neve. No entanto, existe pouco consenso cient\u00edfico sobre a efic\u00e1cia desta t\u00e9cnica. \u201c\u00c9 uma boa solu\u00e7\u00e3o para governos desesperados, apenas para mostrar que est\u00e3o a tomar algumas medidas\u201d, considera Madani.<\/p>\n<p>Para enfrentar verdadeiramente a crise a longo prazo, \u00e9 necess\u00e1ria uma reforma abrangente. Isto inclui uma diversifica\u00e7\u00e3o da economia, reduzindo a depend\u00eancia de sectores que consomem muita \u00e1gua, como a agricultura, alertam os especialistas. No entanto, isto seria, muito provavelmente, uma medida extremamente impopular, dado que poderia causar problemas de desemprego.<\/p>\n<p>Por agora, as autoridades depositam as suas esperan\u00e7as na chegada da chuva \u2013 algo pelo qual tamb\u00e9m rezam. \u201cAntigamente, as pessoas iam ao deserto rezar por chuva\u201d, lembrou Mehdi Chamran, l\u00edder do Conselho Municipal de Teer\u00e3o, segundo uma not\u00edcia da Reuters que cita meios de comunica\u00e7\u00e3o estatais. \u201cTalvez n\u00e3o dev\u00eassemos descurar esta tradi\u00e7\u00e3o\u201d, juntou.<\/p>\n<p>No entanto, a situa\u00e7\u00e3o \u00e9 t\u00e3o cr\u00edtica que, mesmo com a chegada das chuvas, \u00e9 improv\u00e1vel que elas cheguem para as necessidades. \u201cA natureza est\u00e1 a impor limites r\u00edgidos\u201d, avisa AghaKouchak. N\u00e3o \u00e9 poss\u00edvel que os aqu\u00edferos que foram drenados recuperem nem que que os ecossistemas em colapso sejam repostos rapidamente.<\/p>\n<p>Quanto mais tempo o governo demorar a implementar reformas significativas, menos op\u00e7\u00f5es ir\u00e3o restar, acrescenta. E conclui: \u201cA crise da \u00e1gua n\u00e3o \u00e9 apenas uma quest\u00e3o ambiental. Est\u00e1 cada vez mais interligada com o futuro social e pol\u00edtico do Ir\u00e3o\u201d.<\/p>\n","protected":false},"excerpt":{"rendered":"Na fotografia de capa deste artigo v\u00ea-se o leito seco do rio Zayandeh Rud, na cidade hist\u00f3rica de&hellip;\n","protected":false},"author":2,"featured_media":205026,"comment_status":"","ping_status":"","sticky":false,"template":"","format":"standard","meta":{"footnotes":""},"categories":[50],"tags":[609,836,611,27,28,2139,607,608,333,832,604,135,610,476,15,16,301,830,14,5453,603,25,26,570,21,22,831,833,62,834,12,13,19,20,835,602,52,32,23,24,5452,17,18,29,30,31,63,64,65],"class_list":{"0":"post-205025","1":"post","2":"type-post","3":"status-publish","4":"format-standard","5":"has-post-thumbnail","7":"category-mundo","8":"tag-alerta","9":"tag-analise","10":"tag-ao-minuto","11":"tag-breaking-news","12":"tag-breakingnews","13":"tag-chuva","14":"tag-cnn","15":"tag-cnn-portugal","16":"tag-comentadores","17":"tag-costa","18":"tag-crime","19":"tag-desporto","20":"tag-direto","21":"tag-economia","22":"tag-featured-news","23":"tag-featurednews","24":"tag-governo","25":"tag-guerra","26":"tag-headlines","27":"tag-irao","28":"tag-justica","29":"tag-latest-news","30":"tag-latestnews","31":"tag-live","32":"tag-main-news","33":"tag-mainnews","34":"tag-mais-vistas","35":"tag-marcelo","36":"tag-mundo","37":"tag-negocios","38":"tag-news","39":"tag-noticias","40":"tag-noticias-principais","41":"tag-noticiasprincipais","42":"tag-opiniao","43":"tag-pais","44":"tag-politica","45":"tag-portugal","46":"tag-principais-noticias","47":"tag-principaisnoticias","48":"tag-seca","49":"tag-top-stories","50":"tag-topstories","51":"tag-ultimas","52":"tag-ultimas-noticias","53":"tag-ultimasnoticias","54":"tag-world","55":"tag-world-news","56":"tag-worldnews"},"share_on_mastodon":{"url":"","error":"Validation failed: Text character limit of 500 exceeded"},"_links":{"self":[{"href":"https:\/\/www.europesays.com\/pt\/wp-json\/wp\/v2\/posts\/205025","targetHints":{"allow":["GET"]}}],"collection":[{"href":"https:\/\/www.europesays.com\/pt\/wp-json\/wp\/v2\/posts"}],"about":[{"href":"https:\/\/www.europesays.com\/pt\/wp-json\/wp\/v2\/types\/post"}],"author":[{"embeddable":true,"href":"https:\/\/www.europesays.com\/pt\/wp-json\/wp\/v2\/users\/2"}],"replies":[{"embeddable":true,"href":"https:\/\/www.europesays.com\/pt\/wp-json\/wp\/v2\/comments?post=205025"}],"version-history":[{"count":0,"href":"https:\/\/www.europesays.com\/pt\/wp-json\/wp\/v2\/posts\/205025\/revisions"}],"wp:featuredmedia":[{"embeddable":true,"href":"https:\/\/www.europesays.com\/pt\/wp-json\/wp\/v2\/media\/205026"}],"wp:attachment":[{"href":"https:\/\/www.europesays.com\/pt\/wp-json\/wp\/v2\/media?parent=205025"}],"wp:term":[{"taxonomy":"category","embeddable":true,"href":"https:\/\/www.europesays.com\/pt\/wp-json\/wp\/v2\/categories?post=205025"},{"taxonomy":"post_tag","embeddable":true,"href":"https:\/\/www.europesays.com\/pt\/wp-json\/wp\/v2\/tags?post=205025"}],"curies":[{"name":"wp","href":"https:\/\/api.w.org\/{rel}","templated":true}]}}