{"id":205027,"date":"2025-12-27T20:28:10","date_gmt":"2025-12-27T20:28:10","guid":{"rendered":"https:\/\/www.europesays.com\/pt\/205027\/"},"modified":"2025-12-27T20:28:10","modified_gmt":"2025-12-27T20:28:10","slug":"interferencia-eleitoral-andre-ventura-apela-marcelo-a-adiar-conselho-de-estado","status":"publish","type":"post","link":"https:\/\/www.europesays.com\/pt\/205027\/","title":{"rendered":"&#8220;Interfer\u00eancia eleitoral&#8221;. Andr\u00e9 Ventura apela Marcelo a adiar Conselho de Estado"},"content":{"rendered":"<p>&#13;<br \/>\nPara Andr\u00e9 Ventura, o Conselho marcado por Marcelo para 9 de janeiro, para analisar a situa\u00e7\u00e3o internacional, n\u00e3o se justifica, uma vez que\u00a0nenhum facto novo sobre a situa\u00e7\u00e3o na Ucr\u00e2nia exige &#8220;a tomada de uma decis\u00e3o&#8221; por parte do Presidente da Rep\u00fablica.&#13;\n<\/p>\n<p>          <img decoding=\"async\" itemprop=\"image\" class=\"img-fluid\"   src=\"https:\/\/www.europesays.com\/pt\/wp-content\/uploads\/2025\/12\/c5a73056c18c3f91962fe4a1ff7be1a3_N.jpg\"\/><\/p>\n<p>&#13;<br \/>\nVentura lembrou que dois dos candidatos \u00e0 presid\u00eancia,\u00a0ele pr\u00f3prio e Marques Mendes,\u00a0s\u00e3o membros daquele \u00f3rg\u00e3o, e a reuni\u00e3o, marcada para 9 de janeiro, ir\u00e1 calhar em plena campanha eleitoral.&#13;\n<\/p>\n<p>&#13;<br \/>\nMarcelo Rebelo de Sousa, acusou Ventura, escolheuesta data, a dez dias das elei\u00e7\u00f5es presidenciais, &#8220;apenas para interferir e participar nesta campanha eleitoral&#8221; argumentando que &#8220;n\u00e3o \u00e9 toler\u00e1vel que assim seja&#8221;.&#13;\n<\/p>\n<p>\nO l\u00edder do Chega defendeu ainda que, caso a reuni\u00e3o do Conselho de Estado &#8220;venha a existir&#8221; nessa data, ent\u00e3o que seja feito pelos conselheiros de Estado um balan\u00e7o do mandato de 10 anos de Marcelo Rebelo de Sousa em Bel\u00e9m, para analisar &#8220;o lugar a que conduziu Portugal na cena internacional&#8221;.<\/p>\n<p>&#13;<br \/>\nA segunda volta das elei\u00e7\u00f5es presidenciais, a verificar-se, realiza-se no dia 8 de Fevereiro.&#13;\n<\/p>\n<p>&#13;<br \/>\ncom Lusa&#13;<\/p>\n","protected":false},"excerpt":{"rendered":"&#13; Para Andr\u00e9 Ventura, o Conselho marcado por Marcelo para 9 de janeiro, para analisar a situa\u00e7\u00e3o internacional,&hellip;\n","protected":false},"author":2,"featured_media":205028,"comment_status":"","ping_status":"","sticky":false,"template":"","format":"standard","meta":{"footnotes":""},"categories":[10],"tags":[27,28,15,16,14,25,26,21,22,12,13,19,20,32,23,24,33,420,421,17,18,29,30,31],"class_list":{"0":"post-205027","1":"post","2":"type-post","3":"status-publish","4":"format-standard","5":"has-post-thumbnail","7":"category-portugal","8":"tag-breaking-news","9":"tag-breakingnews","10":"tag-featured-news","11":"tag-featurednews","12":"tag-headlines","13":"tag-latest-news","14":"tag-latestnews","15":"tag-main-news","16":"tag-mainnews","17":"tag-news","18":"tag-noticias","19":"tag-noticias-principais","20":"tag-noticiasprincipais","21":"tag-portugal","22":"tag-principais-noticias","23":"tag-principaisnoticias","24":"tag-pt","25":"tag-rtp","26":"tag-rtp-noticias","27":"tag-top-stories","28":"tag-topstories","29":"tag-ultimas","30":"tag-ultimas-noticias","31":"tag-ultimasnoticias"},"share_on_mastodon":{"url":"https:\/\/pubeurope.com\/@pt\/115793423196184590","error":""},"_links":{"self":[{"href":"https:\/\/www.europesays.com\/pt\/wp-json\/wp\/v2\/posts\/205027","targetHints":{"allow":["GET"]}}],"collection":[{"href":"https:\/\/www.europesays.com\/pt\/wp-json\/wp\/v2\/posts"}],"about":[{"href":"https:\/\/www.europesays.com\/pt\/wp-json\/wp\/v2\/types\/post"}],"author":[{"embeddable":true,"href":"https:\/\/www.europesays.com\/pt\/wp-json\/wp\/v2\/users\/2"}],"replies":[{"embeddable":true,"href":"https:\/\/www.europesays.com\/pt\/wp-json\/wp\/v2\/comments?post=205027"}],"version-history":[{"count":0,"href":"https:\/\/www.europesays.com\/pt\/wp-json\/wp\/v2\/posts\/205027\/revisions"}],"wp:featuredmedia":[{"embeddable":true,"href":"https:\/\/www.europesays.com\/pt\/wp-json\/wp\/v2\/media\/205028"}],"wp:attachment":[{"href":"https:\/\/www.europesays.com\/pt\/wp-json\/wp\/v2\/media?parent=205027"}],"wp:term":[{"taxonomy":"category","embeddable":true,"href":"https:\/\/www.europesays.com\/pt\/wp-json\/wp\/v2\/categories?post=205027"},{"taxonomy":"post_tag","embeddable":true,"href":"https:\/\/www.europesays.com\/pt\/wp-json\/wp\/v2\/tags?post=205027"}],"curies":[{"name":"wp","href":"https:\/\/api.w.org\/{rel}","templated":true}]}}