{"id":205031,"date":"2025-12-27T20:30:17","date_gmt":"2025-12-27T20:30:17","guid":{"rendered":"https:\/\/www.europesays.com\/pt\/205031\/"},"modified":"2025-12-27T20:30:17","modified_gmt":"2025-12-27T20:30:17","slug":"atriz-deixa-r-140-milhoes-para-unica-herdeira-e-causa-disputa-na-familia","status":"publish","type":"post","link":"https:\/\/www.europesays.com\/pt\/205031\/","title":{"rendered":"Atriz deixa R$ 140 milh\u00f5es para \u00fanica herdeira e causa disputa na fam\u00edlia"},"content":{"rendered":"<p>H\u00e1 exatos nove anos, o mundo se despedia de <a href=\"https:\/\/caras.com.br\/tags\/carrie-fisher\" rel=\"nofollow noopener\" target=\"_blank\"><strong>Carrie Fisher<\/strong><\/a>. A atriz, escritora e eterna Princesa Leia de Star Wars faleceu em 27 de dezembro de 2016, deixando um vazio na cultura pop, mas tamb\u00e9m um complexo cen\u00e1rio financeiro e jur\u00eddico.<\/p>\n<p>Para al\u00e9m da saudade, a morte de Fisher desencadeou uma s\u00e9rie de eventos que expuseram o tamanho de sua fortuna pessoal \u2013 avaliada em US$ 25 milh\u00f5es (equivalente a R$ 140 milh\u00f5es)- e gerou disputas familiares que ecoam at\u00e9 hoje.<\/p>\n<p> O que compunha o patrim\u00f4nio de Carrie Fisher? <\/p>\n<p>Diferente de muitas estrelas de sua \u00e9poca que enfrentaram a fal\u00eancia, Carrie deixou suas finan\u00e7as organizadas. Documentos do invent\u00e1rio revelaram que, no momento de sua morte, ela possu\u00eda:<\/p>\n<ul>\n<li><strong>Ativos l\u00edquidos<\/strong>: Contas banc\u00e1rias robustas e participa\u00e7\u00f5es em diversas empresas (LLCs).<\/li>\n<li><strong>Bens de luxo<\/strong>: Uma cole\u00e7\u00e3o impressionante de obras de arte, joias valiosas e um Tesla Model S 2016.<\/li>\n<li><strong>A \u2018joia da coroa<\/strong>\u2018: Os direitos de imagem, royalties de seus livros best-sellers e, crucialmente, os residuais da franquia Star Wars.<\/li>\n<\/ul>\n<p>Vale esclarecer um rumor que circulou fortemente na \u00e9poca: a not\u00edcia de um seguro de US$ 50 milh\u00f5es. Esse valor existiu, mas n\u00e3o foi destinado \u00e0 fam\u00edlia. Tratava-se de uma ap\u00f3lice de prote\u00e7\u00e3o contratada pela Disney\/Lucasfilm para cobrir preju\u00edzos de produ\u00e7\u00e3o e custos de reescrita caso a atriz n\u00e3o pudesse completar a nova trilogia \u2013 o que infelizmente aconteceu.<\/p>\n<p>\t A \u00fanica herdeira e a mans\u00e3o de Beverly Hills <\/p>\n<p>A benefici\u00e1ria exclusiva do esp\u00f3lio de Carrie foi sua \u00fanica filha, a tamb\u00e9m atriz <a href=\"https:\/\/caras.com.br\/tags\/billie-lourd\" rel=\"nofollow noopener\" target=\"_blank\"><strong>Billie Lourd<\/strong><\/a>.<\/p>\n<p>Billie herdou n\u00e3o apenas o dinheiro e os direitos autorais, mas tamb\u00e9m a propriedade ic\u00f4nica onde a m\u00e3e vivia: uma fazenda de estilo espanhol em Coldwater Canyon, Beverly Hills. A casa, famosa por sua decora\u00e7\u00e3o bo\u00eamia e exc\u00eantrica, ficava no mesmo terreno da mans\u00e3o de sua av\u00f3, <strong>Debbie Reynolds<\/strong>.<\/p>\n<p><strong>Leia tamb\u00e9m<\/strong>: <a href=\"https:\/\/caras.com.br\/atualidades\/filha-de-carrie-fisher-presta-homenagem-mae-que-completaria-66-anos.phtml\" rel=\"nofollow noopener\" target=\"_blank\">Filha de Carrie Fisher presta homenagem \u00e0 m\u00e3e que completaria 66 anos<\/a><\/p>\n<p>Ap\u00f3s a trag\u00e9dia dupla (Debbie faleceu apenas um dia ap\u00f3s Carrie), o complexo imobili\u00e1rio foi vendido por cerca de US$ 18 milh\u00f5es. Em 2017, um leil\u00e3o de itens pessoais de Carrie arrecadou mais de US$ 2 milh\u00f5es, com parte da renda revertida para a The Jed Foundation (preven\u00e7\u00e3o ao suic\u00eddio) e The Thalians (sa\u00fade mental).<\/p>\n<p>\t <img decoding=\"async\" src=\"https:\/\/www.europesays.com\/pt\/wp-content\/uploads\/2025\/12\/Carrie-Fisher-Debbie-Reynolds-e-Billie-Lourd-gettyimages-630640696.jpg\" class=\"img-fluid lazy\"\/><\/p>\n<p>Carrie Fisher, Debbie Reynolds e Billie Lourd \u2013 Foto: Getty Images<\/p>\n<p>    <img decoding=\"async\" src=\"https:\/\/www.europesays.com\/pt\/wp-content\/uploads\/2025\/12\/Carrie-Fisher-como-Princesa-Leia-em-Star-Wars-gettyimages-607402204.jpg\" class=\"img-fluid lazy\"\/><\/p>\n<p>Carrie Fisher como Princesa Leia em Star Wars \u2013 Foto: Getty Images<\/p>\n<p>    <img decoding=\"async\" src=\"https:\/\/www.europesays.com\/pt\/wp-content\/uploads\/2025\/12\/Carrie-Fisher-gettyimages-178269558.jpg\" class=\"img-fluid lazy\"\/><\/p>\n<p>Carrie Fisher \u2013 Foto: Getty Images<\/p>\n<p>                        Previous<\/p>\n<p>                        Next<br \/>\n                     Por que houve disputa familiar? <\/p>\n<p>Embora Carrie tivesse um plano definido para sua pr\u00f3pria fortuna, a morte de sua m\u00e3e no dia seguinte (28 de dezembro) criou uma \u201ctempestade perfeita\u201d jur\u00eddica.<\/p>\n<p>Como Debbie Reynolds n\u00e3o teve tempo de atualizar seu testamento ap\u00f3s a morte da filha, a parte da heran\u00e7a de Debbie que caberia a Carrie n\u00e3o voltou para o monte, mas foi transferida diretamente para a herdeira de Carrie: Billie Lourd.<\/p>\n<p>Isso gerou atritos p\u00fablicos com <strong>Todd Fisher<\/strong>, irm\u00e3o de Carrie. Ele acreditava que, sendo o \u00fanico filho vivo de Debbie, deveria herdar a parte da irm\u00e3. O tribunal, no entanto, manteve o testamento original: Billie ficou com a heran\u00e7a da m\u00e3e e a parte da m\u00e3e na heran\u00e7a da av\u00f3.<\/p>\n<p>Essa disputa familiar pela heran\u00e7a criou tens\u00f5es vis\u00edveis. Todd e suas meias-irm\u00e3s, <strong>Joely<\/strong> e <strong>Tricia Leigh Fisher<\/strong>, chegaram a expressar publicamente sua decep\u00e7\u00e3o por terem sido exclu\u00eddos de eventos familiares importantes nos anos seguintes, como a cerim\u00f4nia de Carrie na Cal\u00e7ada da Fama de Hollywood.<\/p>\n<p><strong>CONFIRA PUBLICA\u00c7\u00c3O RECENTE DA CARAS BRASIL NAS\u00a0<a href=\"https:\/\/www.instagram.com\/carasbrasil\/\" rel=\"nofollow noopener\" target=\"_blank\">REDES SOCIAIS:<\/a><\/strong><\/p>\n<blockquote class=\"instagram-media\" style=\"background: #FFF; border: 0; border-radius: 3px; box-shadow: 0 0 1px 0 rgba(0,0,0,0.5),0 1px 10px 0 rgba(0,0,0,0.15); margin: 1px; max-width: 540px; min-width: 326px; padding: 0; width: calc(100% - 2px);\" data-instgrm-permalink=\"https:\/\/www.instagram.com\/p\/DSshqJqkqZX\/?utm_source=ig_embed&amp;utm_campaign=loading\" data-instgrm-version=\"14\"><\/blockquote>\n<p>\t                                            <script async src=\"\/\/www.instagram.com\/embed.js\"><\/script><\/p>\n","protected":false},"excerpt":{"rendered":"H\u00e1 exatos nove anos, o mundo se despedia de Carrie Fisher. A atriz, escritora e eterna Princesa Leia&hellip;\n","protected":false},"author":2,"featured_media":205032,"comment_status":"","ping_status":"","sticky":false,"template":"","format":"standard","meta":{"footnotes":""},"categories":[145],"tags":[813,40540,28425,211,210,40541,114,115,20460,12575,32,40542,40543,33,5418,40544],"class_list":{"0":"post-205031","1":"post","2":"type-post","3":"status-publish","4":"format-standard","5":"has-post-thumbnail","7":"category-celebridades","8":"tag-atriz","9":"tag-billie-lourd","10":"tag-carrie-fisher","11":"tag-celebridades","12":"tag-celebrities","13":"tag-debbie-reynolds","14":"tag-entertainment","15":"tag-entretenimento","16":"tag-fortuna","17":"tag-heranca","18":"tag-portugal","19":"tag-princesa-leia","20":"tag-princesa-leia-de-star-wars","21":"tag-pt","22":"tag-star-wars","23":"tag-todd-fisher"},"share_on_mastodon":{"url":"https:\/\/pubeurope.com\/@pt\/115793430157020368","error":""},"_links":{"self":[{"href":"https:\/\/www.europesays.com\/pt\/wp-json\/wp\/v2\/posts\/205031","targetHints":{"allow":["GET"]}}],"collection":[{"href":"https:\/\/www.europesays.com\/pt\/wp-json\/wp\/v2\/posts"}],"about":[{"href":"https:\/\/www.europesays.com\/pt\/wp-json\/wp\/v2\/types\/post"}],"author":[{"embeddable":true,"href":"https:\/\/www.europesays.com\/pt\/wp-json\/wp\/v2\/users\/2"}],"replies":[{"embeddable":true,"href":"https:\/\/www.europesays.com\/pt\/wp-json\/wp\/v2\/comments?post=205031"}],"version-history":[{"count":0,"href":"https:\/\/www.europesays.com\/pt\/wp-json\/wp\/v2\/posts\/205031\/revisions"}],"wp:featuredmedia":[{"embeddable":true,"href":"https:\/\/www.europesays.com\/pt\/wp-json\/wp\/v2\/media\/205032"}],"wp:attachment":[{"href":"https:\/\/www.europesays.com\/pt\/wp-json\/wp\/v2\/media?parent=205031"}],"wp:term":[{"taxonomy":"category","embeddable":true,"href":"https:\/\/www.europesays.com\/pt\/wp-json\/wp\/v2\/categories?post=205031"},{"taxonomy":"post_tag","embeddable":true,"href":"https:\/\/www.europesays.com\/pt\/wp-json\/wp\/v2\/tags?post=205031"}],"curies":[{"name":"wp","href":"https:\/\/api.w.org\/{rel}","templated":true}]}}