{"id":205051,"date":"2025-12-27T20:44:10","date_gmt":"2025-12-27T20:44:10","guid":{"rendered":"https:\/\/www.europesays.com\/pt\/205051\/"},"modified":"2025-12-27T20:44:10","modified_gmt":"2025-12-27T20:44:10","slug":"carol-peixinho-encanta-ao-mostrar-o-rosto-do-filho-em-novas-fotos-com-thiaguinho","status":"publish","type":"post","link":"https:\/\/www.europesays.com\/pt\/205051\/","title":{"rendered":"Carol Peixinho encanta ao mostrar o rosto do filho em novas fotos com Thiaguinho"},"content":{"rendered":"<p>O filho de <a href=\"https:\/\/caras.com.br\/tags\/thiaguinho\" rel=\"nofollow noopener\" target=\"_blank\"><strong>Thiaguinho<\/strong><\/a> e <a href=\"https:\/\/caras.com.br\/tags\/carol-peixinho\" rel=\"nofollow noopener\" target=\"_blank\"><strong>Carol Peixinho<\/strong><\/a>, o pequeno <strong>Bento<\/strong>, que acabou de completar tr\u00eas meses, encantou em mais uma apari\u00e7\u00e3o na rede social da m\u00e3e. Neste s\u00e1bado, 27, a ex-BBB compartilhou um pouco de sua rotina da manh\u00e3 em fam\u00edlia e o beb\u00ea deu um show de fofura.<\/p>\n<p>Nos registros, a amada do cantor mostrou que, quando o herdeiro acorda, ela j\u00e1 o amamenta e o enche de carinho. Quando est\u00e1 em casa e n\u00e3o nos shows, o artista tamb\u00e9m participa e aparece babando pelo garoto, que mostrou todo seu charme e carisma nos cliques.<\/p>\n<p>\u201cMelhor bom dia do mundo\u201d, disse Carol Peixinho ao dividir os quatro cliques deles juntinhos aproveitando a companhia um do outro logo ao acordar.<\/p>\n<p>\u00c9 bom lembrar que casal escolheu o nome do filho ap\u00f3s um epis\u00f3dio inesquec\u00edvel e marcante que viveram durante uma viagem a Luanda. No programa Que Hist\u00f3ria \u00c9 Essa, Porchat?, <a href=\"https:\/\/caras.com.br\/atualidades\/thiaguinho-revela-susto-de-morte-com-carol-peixinho-que-definiu-nome-do-filho.phtml\" rel=\"nofollow noopener\" target=\"_blank\">Thiaguinho revelou que escolheu Bento ap\u00f3s um gar\u00e7om com este nome salvar Carol Peixinho de um engasgo<\/a>.<\/p>\n<p>\t Veja as novas fotos de Bento, o filho de Carol Peixinho e Thiaguinho: <img loading=\"lazy\" decoding=\"async\" class=\"size-full wp-image-1050517 img-fluid lazy\" alt=\"Carol Peixinho mostra novas fotos de Bento\" width=\"1080\" height=\"1806\" src=\"https:\/\/www.europesays.com\/pt\/wp-content\/uploads\/2025\/12\/filho-carol-peixinho-thiaguinho-bento.jpg\"  \/>Carol Peixinho mostra novas fotos de Bento \u2013 Foto: @carolpeixinho Carol Peixinho encanta ao mostrar Bento acordando <\/p>\n<p>Ainda recentemente, <a href=\"https:\/\/caras.com.br\/bebe\/carol-peixinho-encanta-ao-mostrar-o-filho-acordando-melhor-bom-dia-do-mundo.phtml\" rel=\"nofollow noopener\" target=\"_blank\">Carol Peixinho registrou o momento de Bento acordado<\/a>. A famosa gravou o beb\u00ea abrindo os olhos ainda no escuro e o rostinho dele mais uma vez deixou os internautas babando com tanta fofura.<\/p>\n<p> Terceiro mesvers\u00e1rio de Bento <\/p>\n<p>A festinha to terceiro m\u00eas de Bento teve um tema cheio de significado para Thiaguinho. Ele e a amada escolheram fazer o <a href=\"https:\/\/caras.com.br\/bebe\/thiaguinho-e-carol-peixinho-celebram-3-meses-do-filho-com-tema-repleto-de-significado.phtml\" rel=\"nofollow noopener\" target=\"_blank\">evento com o tema de Tardezinha<\/a>, projeto musical do cantor que faz o maior sucesso h\u00e1 anos. Para o segundo m\u00eas, eles escolheram o tema original, \u201cAmo Tet\u00ea\u201d, e o primeiro foi em clima de Halloween.<\/p>\n<p>\u201cA Tardezinha ganhou novo significado, novo ritmo e mais amor. Senhoras e senhores\u2026 essa \u00e9 a Tardezinha do Bento. Onde o show \u00e9 di\u00e1rio, o cora\u00e7\u00e3o est\u00e1 sempre cheio e a felicidade mora em n\u00f3s. Sua fam\u00edlia te ama, filh\u00e3o!\u201c, disse a mam\u00e3e coruja.<\/p>\n<p>\u00a0<\/p>\n<p>        <a href=\"https:\/\/caras.com.br\/autor\/nataly-paschoal\" rel=\"nofollow noopener\" target=\"_blank\">&#13;<br \/>\n          <img loading=\"lazy\" decoding=\"async\" alt=\"Nataly Paschoal\" src=\"https:\/\/www.europesays.com\/pt\/wp-content\/uploads\/2025\/12\/nataly-paschoal_sqmd.jpg\" class=\"avatar avatar-115 photo rounded-circle\" height=\"115\" width=\"115\"\/>        <\/a><\/p>\n<p><b>Nataly Paschoal <\/b>\u00e9 rep\u00f3rter de conte\u00fado do site CARAS. Formada em jornalismo pela Faculdade C\u00e1sper L\u00edbero, ela j\u00e1 passou por sites como Todateen, Sportlife e espnW. Escreve sobre celebridades, TV, reality show e novelas.<\/p>\n","protected":false},"excerpt":{"rendered":"O filho de Thiaguinho e Carol Peixinho, o pequeno Bento, que acabou de completar tr\u00eas meses, encantou em&hellip;\n","protected":false},"author":2,"featured_media":205052,"comment_status":"","ping_status":"","sticky":false,"template":"","format":"standard","meta":{"footnotes":""},"categories":[145],"tags":[13603,20619,211,210,114,115,36873,36874,32,33,11637],"class_list":{"0":"post-205051","1":"post","2":"type-post","3":"status-publish","4":"format-standard","5":"has-post-thumbnail","7":"category-celebridades","8":"tag-bento","9":"tag-carol-peixinho","10":"tag-celebridades","11":"tag-celebrities","12":"tag-entertainment","13":"tag-entretenimento","14":"tag-filho-carol-peixinho","15":"tag-filho-thiaguinho","16":"tag-portugal","17":"tag-pt","18":"tag-thiaguinho"},"share_on_mastodon":{"url":"https:\/\/pubeurope.com\/@pt\/115793485515241970","error":""},"_links":{"self":[{"href":"https:\/\/www.europesays.com\/pt\/wp-json\/wp\/v2\/posts\/205051","targetHints":{"allow":["GET"]}}],"collection":[{"href":"https:\/\/www.europesays.com\/pt\/wp-json\/wp\/v2\/posts"}],"about":[{"href":"https:\/\/www.europesays.com\/pt\/wp-json\/wp\/v2\/types\/post"}],"author":[{"embeddable":true,"href":"https:\/\/www.europesays.com\/pt\/wp-json\/wp\/v2\/users\/2"}],"replies":[{"embeddable":true,"href":"https:\/\/www.europesays.com\/pt\/wp-json\/wp\/v2\/comments?post=205051"}],"version-history":[{"count":0,"href":"https:\/\/www.europesays.com\/pt\/wp-json\/wp\/v2\/posts\/205051\/revisions"}],"wp:featuredmedia":[{"embeddable":true,"href":"https:\/\/www.europesays.com\/pt\/wp-json\/wp\/v2\/media\/205052"}],"wp:attachment":[{"href":"https:\/\/www.europesays.com\/pt\/wp-json\/wp\/v2\/media?parent=205051"}],"wp:term":[{"taxonomy":"category","embeddable":true,"href":"https:\/\/www.europesays.com\/pt\/wp-json\/wp\/v2\/categories?post=205051"},{"taxonomy":"post_tag","embeddable":true,"href":"https:\/\/www.europesays.com\/pt\/wp-json\/wp\/v2\/tags?post=205051"}],"curies":[{"name":"wp","href":"https:\/\/api.w.org\/{rel}","templated":true}]}}