{"id":205057,"date":"2025-12-27T20:51:12","date_gmt":"2025-12-27T20:51:12","guid":{"rendered":"https:\/\/www.europesays.com\/pt\/205057\/"},"modified":"2025-12-27T20:51:12","modified_gmt":"2025-12-27T20:51:12","slug":"casos-de-osteoporose-devem-disparar-ate-2050-27-12-2025-equilibrio-e-saude","status":"publish","type":"post","link":"https:\/\/www.europesays.com\/pt\/205057\/","title":{"rendered":"Casos de osteoporose devem disparar at\u00e9 2050 &#8211; 27\/12\/2025 &#8211; Equil\u00edbrio e Sa\u00fade"},"content":{"rendered":"<p>Principal causa de fraturas ap\u00f3s os 50 anos, a <a href=\"https:\/\/www1.folha.uol.com.br\/equilibrioesaude\/2025\/10\/homens-idosos-enfrentam-riscos-graves-de-osteoporose-mas-raramente-sao-testados-para-doenca.shtml\" rel=\"nofollow noopener\" target=\"\">osteoporose<\/a> deve avan\u00e7ar de forma significativa nas pr\u00f3ximas d\u00e9cadas, impulsionada pelo <a href=\"https:\/\/www1.folha.uol.com.br\/folha-topicos\/envelhecimento\/\" rel=\"nofollow noopener\" target=\"\">envelhecimento<\/a> populacional, por h\u00e1bitos de vida inadequados e pelo maior n\u00famero de diagn\u00f3sticos.<\/p>\n<p>A Funda\u00e7\u00e3o Internacional de <a href=\"https:\/\/www1.folha.uol.com.br\/equilibrioesaude\/2016\/07\/1792168-tenho-osteoporose-e-segura-a-medicacao-que-me-indicaram.shtml\" rel=\"nofollow noopener\" target=\"\">Osteoporose<\/a> (IOF, na sigla em ingl\u00eas) estima que uma em cada tr\u00eas mulheres e um a cada cinco homens acima dos 50 anos sofrer\u00e3o fraturas relacionadas \u00e0 doen\u00e7a. At\u00e9 2050, a proje\u00e7\u00e3o \u00e9 de que os casos aumentem 54% entre pessoas com mais de 50 anos e 32% entre aquelas acima dos 70.<\/p>\n<p>A tend\u00eancia de crescimento tamb\u00e9m \u00e9 observada no Brasil. &#8220;A estimativa \u00e9 de que cerca de 10 milh\u00f5es de brasileiros convivam com a <a href=\"https:\/\/f5.folha.uol.com.br\/celebridades\/2025\/01\/cantora-avery-diz-que-desenvolveu-osteoporose-causada-pelo-uso-de-ozempic.shtml\" rel=\"nofollow noopener\" target=\"\">osteoporose<\/a>. Esse n\u00famero tende a crescer, acompanhando o r\u00e1pido <a href=\"https:\/\/www1.folha.uol.com.br\/educacao\/2025\/11\/tema-do-enem-2025-envelhecimento-foi-assunto-frequente-na-folha.shtml\" rel=\"nofollow noopener\" target=\"\">envelhecimento<\/a> da popula\u00e7\u00e3o&#8221;, analisa a reumatologista Vera Lucia Szejnfeld, membro da Comiss\u00e3o de Doen\u00e7as Osteometab\u00f3licas e Osteoporose da SBR (Sociedade Brasileira de Reumatologia). &#8220;Hoje, o pa\u00eds j\u00e1 tem mais de 33 milh\u00f5es de pessoas com 60 anos ou mais e as proje\u00e7\u00f5es indicam que, at\u00e9 2030, esse grupo ultrapassar\u00e1 40 milh\u00f5es.&#8221;<\/p>\n<p>Essa curva ascendente n\u00e3o se explica apenas pelo <a href=\"https:\/\/www1.folha.uol.com.br\/equilibrio\/2025\/07\/entenda-a-sarcobesidade-perda-de-musculos-e-ganho-de-gordura-que-acontece-com-o-envelhecimento.shtml\" rel=\"nofollow noopener\" target=\"\">envelhecimento<\/a> populacional, mas tamb\u00e9m pela melhoria no diagn\u00f3stico. O aumento da conscientiza\u00e7\u00e3o sobre a doen\u00e7a e da educa\u00e7\u00e3o m\u00e9dica continuada tem permitido identificar casos antes despercebidos.<\/p>\n<p>Fatores associados ao <a href=\"https:\/\/www1.folha.uol.com.br\/equilibrio\/2025\/05\/o-que-mudar-em-seu-estilo-de-vida-para-prevenir-doencas-neurologicas.shtml\" rel=\"nofollow noopener\" target=\"\">estilo de vida<\/a> \u2014 como <a href=\"https:\/\/www1.folha.uol.com.br\/equilibrio\/2025\/10\/sedentarismo-na-juventude-comeca-na-infancia-e-ameaca-saude-futura.shtml\" rel=\"nofollow noopener\" target=\"\">sedentarismo<\/a>, defici\u00eancia de c\u00e1lcio e <a href=\"https:\/\/www1.folha.uol.com.br\/equilibrioesaude\/2025\/06\/vitamina-d-aumenta-chance-de-cancer-de-mama-desaparecer-com-quimioterapia-diz-estudo.shtml\" rel=\"nofollow noopener\" target=\"\">vitamina D<\/a> e maior preval\u00eancia de <a href=\"https:\/\/www1.folha.uol.com.br\/seminariosfolha\/2025\/07\/estigmas-afetam-prevencao-diagnostico-e-tratamento-de-doencas-cronicas-dizem-especialistas.shtml\" rel=\"nofollow noopener\" target=\"\">doen\u00e7as cr\u00f4nicas<\/a> \u2014 tamb\u00e9m influenciam.<\/p>\n<p>&#8220;O relat\u00f3rio da IOF aponta que, no Brasil, ocorrem cerca de 400 mil fraturas por fragilidade a cada ano, e que, se nada mudar, esse n\u00famero pode aumentar em at\u00e9 60% at\u00e9 2030. Ou seja, a <a href=\"https:\/\/www1.folha.uol.com.br\/equilibrio\/2024\/10\/queda-hormonal-na-menopausa-favorece-surgimento-de-osteoporose.shtml\" rel=\"nofollow noopener\" target=\"\">osteoporose<\/a> e suas complica\u00e7\u00f5es j\u00e1 representam um grande desafio de sa\u00fade p\u00fablica, exigindo cada vez mais aten\u00e7\u00e3o a preven\u00e7\u00e3o, diagn\u00f3stico e tratamento&#8221;, observa Szejnfeld.<\/p>\n<p>Cuidados desde a inf\u00e2ncia<\/p>\n<p>Embora seja silenciosa nas fases iniciais, a doen\u00e7a s\u00f3 costuma dar sinais quando j\u00e1 est\u00e1 avan\u00e7ada, muitas vezes ap\u00f3s fraturas provocadas por esfor\u00e7os m\u00ednimos \u2014 desde pequenas quedas at\u00e9 movimentos banais, como um espirro. Mas os cuidados devem come\u00e7ar muito antes, ainda na inf\u00e2ncia.<\/p>\n<p>At\u00e9 os 30 anos, o organismo est\u00e1 em sua fase mais intensa de forma\u00e7\u00e3o \u00f3ssea, acumulando minerais e construindo o chamado &#8220;banco de ossos&#8221;, que servir\u00e1 de reserva para toda a vida adulta. A partir desse per\u00edodo, inicia-se um decl\u00ednio natural da massa \u00f3ssea.<\/p>\n<p>Nas mulheres, essa perda se acelera de maneira acentuada ap\u00f3s a <a href=\"https:\/\/www1.folha.uol.com.br\/folha-topicos\/menopausa\/\" rel=\"nofollow noopener\" target=\"\">menopausa<\/a>, quando a queda dos horm\u00f4nios femininos aumenta a atividade das c\u00e9lulas respons\u00e1veis pela reabsor\u00e7\u00e3o dos ossos (osteoclastos), enquanto as c\u00e9lulas que produzem tecido \u00f3sseo novo (osteoblastos) n\u00e3o conseguem compensar o ritmo acelerado de desgaste.<\/p>\n<p>&#8220;Sem <a href=\"https:\/\/www1.folha.uol.com.br\/equilibrioesaude\/2025\/07\/especialistas-em-saude-dos-eua-reavaliam-riscos-da-reposicao-hormonal-para-menopausa.shtml\" rel=\"nofollow noopener\" target=\"\">reposi\u00e7\u00e3o hormonal<\/a>, estima-se que at\u00e9 25% das mulheres podem apresentar perda significativa de densidade \u00f3ssea, e em at\u00e9 dez anos podem perder cerca de 30% desse material, o que eleva muito o risco de fraturas&#8221;, destaca Szejnfeld.<\/p>\n<p>A gen\u00e9tica tamb\u00e9m tem um peso importante: cerca de 80% do pico de massa \u00f3ssea \u00e9 herdado. Mas os outros 20% dependem diretamente do <a href=\"https:\/\/www1.folha.uol.com.br\/equilibrioesaude\/2021\/08\/estilo-de-vida-saudavel-reduz-chance-de-cancer-ate-para-quem-tem-risco-genetico.shtml\" rel=\"nofollow noopener\" target=\"\">estilo de vida<\/a>.<\/p>\n<p>&#8220;Ao longo da vida \u00e9 importante praticar <a href=\"https:\/\/www1.folha.uol.com.br\/folha-topicos\/atividade-fisica\/\" rel=\"nofollow noopener\" target=\"\">atividades f\u00edsicas<\/a> regulares, especialmente as de for\u00e7a e que levam a impacto, como <a href=\"https:\/\/www1.folha.uol.com.br\/equilibrio\/2025\/03\/entenda-a-importancia-da-musculacao-e-do-fortalecimento-muscular.shtml\" rel=\"nofollow noopener\" target=\"\">muscula\u00e7\u00e3o <\/a>e caminhada, al\u00e9m de tomar sol, ter uma alimenta\u00e7\u00e3o rica em c\u00e1lcio e <a href=\"https:\/\/www1.folha.uol.com.br\/equilibrio\/2025\/08\/deficiencia-de-vitamina-d-aumenta-em-22-o-risco-de-lentidao-da-caminhada-na-velhice.shtml\" rel=\"nofollow noopener\" target=\"\">vitamina D <\/a>conforme a idade&#8221;, orienta o ortopedista Sandro Reginaldo, coordenador da Ortopedia do Einstein Hospital Israelita em Goi\u00e2nia.<\/p>\n<p>Evitar fatores de risco tamb\u00e9m \u00e9 essencial, o que inclui n\u00e3o fumar, n\u00e3o <a href=\"https:\/\/www1.folha.uol.com.br\/equilibrioesaude\/2025\/12\/beber-alcool-em-excesso-eleva-risco-de-avc-precoce-e-com-desfechos-graves.shtml\" rel=\"nofollow noopener\" target=\"\">beber \u00e1lcool em excesso <\/a>e n\u00e3o consumir com frequ\u00eancia medica\u00e7\u00f5es que aceleram a perda \u00f3ssea, como corticoides, sem orienta\u00e7\u00e3o m\u00e9dica.<\/p>\n<p>Al\u00e9m dos cuidados preventivos, exames s\u00e3o fundamentais para identificar a condi\u00e7\u00e3o precocemente. A densitometria \u00f3ssea e o FRAX, ferramenta que calcula o risco de fraturas por osteoporose, ajudam a direcionar o tratamento, especialmente quando surgem sinais de alerta, como perda acelerada de estatura e altera\u00e7\u00f5es posturais.<\/p>\n<p>&#8220;No que diz respeito ao tratamento, a escolha do medicamento deve ser considerada conforme hist\u00f3rico de fraturas, resultado de exames, comorbidades, risco cardiovascular, al\u00e9m dos custos&#8221;, destaca Reginaldo.<\/p>\n<p>Pacientes com <a href=\"https:\/\/www1.folha.uol.com.br\/equilibrioesaude\/2017\/08\/1913241-nao-tomo-leite-corro-risco-de-osteoporose-na-menopausa.shtml\" rel=\"nofollow noopener\" target=\"\">osteoporose<\/a> sem fraturas ou com osteopenia (fase inicial de <a href=\"https:\/\/www1.folha.uol.com.br\/fsp\/cotidian\/ff1805200817.htm\" rel=\"nofollow noopener\" target=\"\">perda \u00f3ssea<\/a>, que j\u00e1 eleva o risco de les\u00f5es) normalmente recebem medicamentos que reduzem a reabsor\u00e7\u00e3o \u00f3ssea e evitam fraturas futuras. Mas, quando elas ocorrem (as mais comuns s\u00e3o em punhos, v\u00e9rtebras e f\u00eamur), colocam o paciente em uma categoria de alto risco.<\/p>\n<p>    Cuide-se<\/p>\n<p class=\"c-newsletter__subtitle\">Ci\u00eancia, h\u00e1bitos e preven\u00e7\u00e3o numa newsletter para a sua sa\u00fade e bem-estar<\/p>\n<p>Nesses casos, o tratamento inclui rem\u00e9dios anab\u00f3licos, que estimulam a forma\u00e7\u00e3o de tecido \u00f3sseo novo. Eles funcionam como uma esp\u00e9cie de &#8220;funda\u00e7\u00e3o&#8221; para refor\u00e7ar a estrutura do esqueleto antes de iniciar terapias destinadas \u00e0 manuten\u00e7\u00e3o da massa \u00f3ssea.<\/p>\n<p>&#8220;No Brasil, estimativas recentes apontam centenas de milhares de fraturas por fragilidade e uma quantidade elevada de subtratamento, o que \u00e9 um grande risco e um ponto que precisa de muita aten\u00e7\u00e3o&#8221;, alerta o ortopedista Adriano Passaglia Esperidi\u00e3o, tamb\u00e9m do Einstein Goi\u00e2nia.<\/p>\n","protected":false},"excerpt":{"rendered":"Principal causa de fraturas ap\u00f3s os 50 anos, a osteoporose deve avan\u00e7ar de forma significativa nas pr\u00f3ximas d\u00e9cadas,&hellip;\n","protected":false},"author":2,"featured_media":205058,"comment_status":"","ping_status":"","sticky":false,"template":"","format":"standard","meta":{"footnotes":""},"categories":[86],"tags":[1031,1029,1490,236,40548,20061,116,1491,1208,10816,19877,32,1494,33,117],"class_list":{"0":"post-205057","1":"post","2":"type-post","3":"status-publish","4":"format-standard","5":"has-post-thumbnail","7":"category-saude","8":"tag-autocuidado","9":"tag-cuide-se","10":"tag-envelhecimento","11":"tag-folha","12":"tag-fratura-idoso","13":"tag-fraturas-osseas","14":"tag-health","15":"tag-idoso","16":"tag-medicina","17":"tag-osso","18":"tag-osteoporose","19":"tag-portugal","20":"tag-producao-todas","21":"tag-pt","22":"tag-saude"},"share_on_mastodon":{"url":"https:\/\/pubeurope.com\/@pt\/115793512604190649","error":""},"_links":{"self":[{"href":"https:\/\/www.europesays.com\/pt\/wp-json\/wp\/v2\/posts\/205057","targetHints":{"allow":["GET"]}}],"collection":[{"href":"https:\/\/www.europesays.com\/pt\/wp-json\/wp\/v2\/posts"}],"about":[{"href":"https:\/\/www.europesays.com\/pt\/wp-json\/wp\/v2\/types\/post"}],"author":[{"embeddable":true,"href":"https:\/\/www.europesays.com\/pt\/wp-json\/wp\/v2\/users\/2"}],"replies":[{"embeddable":true,"href":"https:\/\/www.europesays.com\/pt\/wp-json\/wp\/v2\/comments?post=205057"}],"version-history":[{"count":0,"href":"https:\/\/www.europesays.com\/pt\/wp-json\/wp\/v2\/posts\/205057\/revisions"}],"wp:featuredmedia":[{"embeddable":true,"href":"https:\/\/www.europesays.com\/pt\/wp-json\/wp\/v2\/media\/205058"}],"wp:attachment":[{"href":"https:\/\/www.europesays.com\/pt\/wp-json\/wp\/v2\/media?parent=205057"}],"wp:term":[{"taxonomy":"category","embeddable":true,"href":"https:\/\/www.europesays.com\/pt\/wp-json\/wp\/v2\/categories?post=205057"},{"taxonomy":"post_tag","embeddable":true,"href":"https:\/\/www.europesays.com\/pt\/wp-json\/wp\/v2\/tags?post=205057"}],"curies":[{"name":"wp","href":"https:\/\/api.w.org\/{rel}","templated":true}]}}