{"id":205063,"date":"2025-12-27T20:55:09","date_gmt":"2025-12-27T20:55:09","guid":{"rendered":"https:\/\/www.europesays.com\/pt\/205063\/"},"modified":"2025-12-27T20:55:09","modified_gmt":"2025-12-27T20:55:09","slug":"detencao-em-massa-por-oracao-por-zelensky","status":"publish","type":"post","link":"https:\/\/www.europesays.com\/pt\/205063\/","title":{"rendered":"Deten\u00e7\u00e3o em Massa por Ora\u00e7\u00e3o por Zelensky"},"content":{"rendered":"<p>A repress\u00e3o russa contra vozes dissidentes atingiu um novo grupo em S\u00e3o Petersburgo, com a deten\u00e7\u00e3o de aproximadamente 70 cidad\u00e3os durante um encontro da organiza\u00e7\u00e3o &#8220;Escola do Princ\u00edpio Unificado&#8221;. O grupo, composto maioritariamente por acad\u00e9micos e professores de diversas regi\u00f5es da R\u00fassia, \u00e9 agora acusado de violar as rigorosas leis de censura militar do pa\u00eds.<\/p>\n<p>A opera\u00e7\u00e3o policial ocorreu ap\u00f3s den\u00fancias de que os membros desta organiza\u00e7\u00e3o estariam a realizar ora\u00e7\u00f5es p\u00fablicas pela sa\u00fade do presidente ucraniano, Volodymyr Zelensky, e pelo sucesso estrat\u00e9gico das for\u00e7as armadas da Ucr\u00e2nia. <\/p>\n<p>Segundo as autoridades russas, as preces inclu\u00edam pedidos de prote\u00e7\u00e3o divina para evitar a mobiliza\u00e7\u00e3o de reservistas russos e para impedir ataques \u00e0s cidades ucranianas.<\/p>\n<p>Implica\u00e7\u00f5es legais graves<\/p>\n<p>Os detidos, entre os quais se destaca a conhecida pedagoga Olga Dautova, s\u00e3o acusados de difundir &#8220;informa\u00e7\u00f5es falsas&#8221; sobre as For\u00e7as Armadas russas &#8212; um crime que, sob o atual c\u00f3digo penal da Federa\u00e7\u00e3o Russa, pode levar a penas de at\u00e9 10 anos de pris\u00e3o.<\/p>\n<p>O Kremlin considera que este grupo, com ra\u00edzes hist\u00f3ricas na Ucr\u00e2nia, utiliza uma mistura de ritos ortodoxos e esot\u00e9ricos para promover uma agenda anti-guerra e desmoralizar o ex\u00e9rcito russo junto das fam\u00edlias dos seus seguidores.<\/p>\n","protected":false},"excerpt":{"rendered":"A repress\u00e3o russa contra vozes dissidentes atingiu um novo grupo em S\u00e3o Petersburgo, com a deten\u00e7\u00e3o de aproximadamente&hellip;\n","protected":false},"author":2,"featured_media":205064,"comment_status":"","ping_status":"","sticky":false,"template":"","format":"standard","meta":{"footnotes":""},"categories":[50],"tags":[27,28,15,16,15297,14,25,26,21,22,62,12,13,19,20,23,24,839,2889,17,18,29,30,31,63,64,65],"class_list":{"0":"post-205063","1":"post","2":"type-post","3":"status-publish","4":"format-standard","5":"has-post-thumbnail","7":"category-mundo","8":"tag-breaking-news","9":"tag-breakingnews","10":"tag-featured-news","11":"tag-featurednews","12":"tag-guerra-na-ucania","13":"tag-headlines","14":"tag-latest-news","15":"tag-latestnews","16":"tag-main-news","17":"tag-mainnews","18":"tag-mundo","19":"tag-news","20":"tag-noticias","21":"tag-noticias-principais","22":"tag-noticiasprincipais","23":"tag-principais-noticias","24":"tag-principaisnoticias","25":"tag-russia","26":"tag-sao-petersburgo","27":"tag-top-stories","28":"tag-topstories","29":"tag-ultimas","30":"tag-ultimas-noticias","31":"tag-ultimasnoticias","32":"tag-world","33":"tag-world-news","34":"tag-worldnews"},"share_on_mastodon":{"url":"https:\/\/pubeurope.com\/@pt\/115793528358874911","error":""},"_links":{"self":[{"href":"https:\/\/www.europesays.com\/pt\/wp-json\/wp\/v2\/posts\/205063","targetHints":{"allow":["GET"]}}],"collection":[{"href":"https:\/\/www.europesays.com\/pt\/wp-json\/wp\/v2\/posts"}],"about":[{"href":"https:\/\/www.europesays.com\/pt\/wp-json\/wp\/v2\/types\/post"}],"author":[{"embeddable":true,"href":"https:\/\/www.europesays.com\/pt\/wp-json\/wp\/v2\/users\/2"}],"replies":[{"embeddable":true,"href":"https:\/\/www.europesays.com\/pt\/wp-json\/wp\/v2\/comments?post=205063"}],"version-history":[{"count":0,"href":"https:\/\/www.europesays.com\/pt\/wp-json\/wp\/v2\/posts\/205063\/revisions"}],"wp:featuredmedia":[{"embeddable":true,"href":"https:\/\/www.europesays.com\/pt\/wp-json\/wp\/v2\/media\/205064"}],"wp:attachment":[{"href":"https:\/\/www.europesays.com\/pt\/wp-json\/wp\/v2\/media?parent=205063"}],"wp:term":[{"taxonomy":"category","embeddable":true,"href":"https:\/\/www.europesays.com\/pt\/wp-json\/wp\/v2\/categories?post=205063"},{"taxonomy":"post_tag","embeddable":true,"href":"https:\/\/www.europesays.com\/pt\/wp-json\/wp\/v2\/tags?post=205063"}],"curies":[{"name":"wp","href":"https:\/\/api.w.org\/{rel}","templated":true}]}}