{"id":205065,"date":"2025-12-27T20:58:28","date_gmt":"2025-12-27T20:58:28","guid":{"rendered":"https:\/\/www.europesays.com\/pt\/205065\/"},"modified":"2025-12-27T20:58:28","modified_gmt":"2025-12-27T20:58:28","slug":"russia-rejeita-plano-de-paz-de-zelensky-e-acusa-kiev-de-sabotar-plano-de-paz-com-texto-radicalmente-diferente","status":"publish","type":"post","link":"https:\/\/www.europesays.com\/pt\/205065\/","title":{"rendered":"R\u00fassia rejeita plano de paz de Zelensky e acusa Kiev de sabotar plano de paz com texto &#8220;radicalmente diferente&#8221;"},"content":{"rendered":"<p>\t                Kremlin garante que com esta vers\u00e3o do plano de paz \u201cser\u00e1 simplesmente imposs\u00edvel chegar a um acordo final&#8221;<\/p>\n<p>A R\u00fassia acusou esta sexta-feira a Ucr\u00e2nia de tentar sabotar as negocia\u00e7\u00f5es para o fim do conflito entre os dois pa\u00edses, referindo que o novo texto apresentado por Kiev \u00e9 &#8220;radicalmente diferente&#8221; do que Moscovo tinha negociado com Washington.<\/p>\n<p>&#8220;A nossa capacidade de dar o impulso final e chegar a um acordo depende do nosso trabalho e da vontade pol\u00edtica da outra parte. Sobretudo num contexto em que Kiev e os seus apoiantes, particularmente dentro da Uni\u00e3o Europeia, que n\u00e3o s\u00e3o favor\u00e1veis a um acordo, redobraram os seus esfor\u00e7os para o sabotar&#8221;, criticou o vice-ministro dos Neg\u00f3cios Estrangeiros russo, Sergei Ryabkov.<\/p>\n<p>Em declara\u00e7\u00f5es \u00e0 televis\u00e3o russa, o governante apontou o argumento habitual de Moscovo sobre \u201cuma resolu\u00e7\u00e3o adequada dos problemas que est\u00e3o na origem desta crise\u201d, iniciada com a invas\u00e3o russa da Ucr\u00e2nia em fevereiro de 2022, sem a qual, defendeu, \u201cser\u00e1 simplesmente imposs\u00edvel chegar a um acordo final&#8221;.<\/p>\n<p>Ryabkov apelou para a ades\u00e3o \u00e0 estrutura negocial estabelecida pelos presidentes russo, Vladimir Putin, e norte-americano, Donald Trump, em agosto passado no Alasca, insistindo que, caso contr\u00e1rio, &#8220;nenhum acordo poder\u00e1 ser alcan\u00e7ado&#8221;.<\/p>\n<p>O Presidente ucraniano, Volodymyr Zelensky, apresentou na quarta-feira a vers\u00e3o revista do plano norte-americano, no seguimento das rondas de negocia\u00e7\u00f5es na \u00faltima semana.<\/p>\n<p>A primeira vers\u00e3o da proposta da Casa Branca, conhecida h\u00e1 mais de um m\u00eas e com 28 pontos, contemplava as principais exig\u00eancias de Moscovo, incluindo ced\u00eancias territoriais da Ucr\u00e2nia, que teria de abdicar dos seus planos militares e da ades\u00e3o \u00e0 NATO.<\/p>\n<p>A vers\u00e3o revista, de 20 pontos, prop\u00f5e um congelamento das linhas da frente sem oferecer uma solu\u00e7\u00e3o imediata para as quest\u00f5es territoriais.<\/p>\n<p>Al\u00e9m disso, o texto abandona duas exig\u00eancias essenciais do Kremlin: a retirada das tropas ucranianas da regi\u00e3o do Donbass, no leste do pa\u00eds, e um compromisso juridicamente vinculativo da Ucr\u00e2nia de n\u00e3o aderir \u00e0 NATO.<\/p>\n<p>&#8220;Este plano, se \u00e9 que podemos chamar-lhe assim, difere radicalmente dos pontos que desenvolvemos nas \u00faltimas semanas, desde o in\u00edcio de dezembro, em colabora\u00e7\u00e3o com o lado americano&#8221;, comentou esta sexta-feira o vice-ministro russo.<\/p>\n<p>O Presidente ucraniano anunciou esta sexta-feira que vai reunir-se possivelmente no domingo, na Florida, com Donald Trump, para discutir garantias de seguran\u00e7a para a Ucr\u00e2nia, no \u00e2mbito do plano de paz.<\/p>\n<p>O an\u00fancio surgiu depois de Zelensky referir, na quinta-feira, que tinha tido uma \u201cboa conversa\u201d com os enviados norte-americanos Steve Witkoff e Jared Kushner.<\/p>\n<p>Do lado russo, o porta-voz do Kremlin, Dmitri Peskov, confirmou que Moscovo mant\u00e9m contactos com representantes dos Estados Unidos, ap\u00f3s o negociador russo Kirill Dmitriev se ter reunido recentemente com interlocutores norte-americanos na Florida.<\/p>\n<p>Apesar de a diplomacia russa ter falado em \u201cprogresso lento, mas constante\u201d nas conversa\u00e7\u00f5es, Moscovo n\u00e3o indicou disponibilidade para retirar for\u00e7as das \u00e1reas ocupadas<\/p>\n","protected":false},"excerpt":{"rendered":"Kremlin garante que com esta vers\u00e3o do plano de paz \u201cser\u00e1 simplesmente imposs\u00edvel chegar a um acordo final&#8221;&hellip;\n","protected":false},"author":2,"featured_media":75636,"comment_status":"","ping_status":"","sticky":false,"template":"","format":"standard","meta":{"footnotes":""},"categories":[8],"tags":[609,836,611,27,28,607,608,333,832,604,135,610,476,15,16,301,830,14,603,25,26,570,21,22,831,833,62,834,12,13,19,20,835,602,52,32,23,24,33,839,17,18,840,29,30,31,3814],"class_list":{"0":"post-205065","1":"post","2":"type-post","3":"status-publish","4":"format-standard","5":"has-post-thumbnail","7":"category-principais-noticias","8":"tag-alerta","9":"tag-analise","10":"tag-ao-minuto","11":"tag-breaking-news","12":"tag-breakingnews","13":"tag-cnn","14":"tag-cnn-portugal","15":"tag-comentadores","16":"tag-costa","17":"tag-crime","18":"tag-desporto","19":"tag-direto","20":"tag-economia","21":"tag-featured-news","22":"tag-featurednews","23":"tag-governo","24":"tag-guerra","25":"tag-headlines","26":"tag-justica","27":"tag-latest-news","28":"tag-latestnews","29":"tag-live","30":"tag-main-news","31":"tag-mainnews","32":"tag-mais-vistas","33":"tag-marcelo","34":"tag-mundo","35":"tag-negocios","36":"tag-news","37":"tag-noticias","38":"tag-noticias-principais","39":"tag-noticiasprincipais","40":"tag-opiniao","41":"tag-pais","42":"tag-politica","43":"tag-portugal","44":"tag-principais-noticias","45":"tag-principaisnoticias","46":"tag-pt","47":"tag-russia","48":"tag-top-stories","49":"tag-topstories","50":"tag-ucrania","51":"tag-ultimas","52":"tag-ultimas-noticias","53":"tag-ultimasnoticias","54":"tag-zelensky"},"share_on_mastodon":{"url":"","error":"Validation failed: Text character limit of 500 exceeded"},"_links":{"self":[{"href":"https:\/\/www.europesays.com\/pt\/wp-json\/wp\/v2\/posts\/205065","targetHints":{"allow":["GET"]}}],"collection":[{"href":"https:\/\/www.europesays.com\/pt\/wp-json\/wp\/v2\/posts"}],"about":[{"href":"https:\/\/www.europesays.com\/pt\/wp-json\/wp\/v2\/types\/post"}],"author":[{"embeddable":true,"href":"https:\/\/www.europesays.com\/pt\/wp-json\/wp\/v2\/users\/2"}],"replies":[{"embeddable":true,"href":"https:\/\/www.europesays.com\/pt\/wp-json\/wp\/v2\/comments?post=205065"}],"version-history":[{"count":0,"href":"https:\/\/www.europesays.com\/pt\/wp-json\/wp\/v2\/posts\/205065\/revisions"}],"wp:featuredmedia":[{"embeddable":true,"href":"https:\/\/www.europesays.com\/pt\/wp-json\/wp\/v2\/media\/75636"}],"wp:attachment":[{"href":"https:\/\/www.europesays.com\/pt\/wp-json\/wp\/v2\/media?parent=205065"}],"wp:term":[{"taxonomy":"category","embeddable":true,"href":"https:\/\/www.europesays.com\/pt\/wp-json\/wp\/v2\/categories?post=205065"},{"taxonomy":"post_tag","embeddable":true,"href":"https:\/\/www.europesays.com\/pt\/wp-json\/wp\/v2\/tags?post=205065"}],"curies":[{"name":"wp","href":"https:\/\/api.w.org\/{rel}","templated":true}]}}