{"id":205066,"date":"2025-12-27T20:59:09","date_gmt":"2025-12-27T20:59:09","guid":{"rendered":"https:\/\/www.europesays.com\/pt\/205066\/"},"modified":"2025-12-27T20:59:09","modified_gmt":"2025-12-27T20:59:09","slug":"anne-hathaway-revela-que-cancao-brasileira-foi-a-sua-mais-ouvida-em-2025","status":"publish","type":"post","link":"https:\/\/www.europesays.com\/pt\/205066\/","title":{"rendered":"Anne Hathaway revela que can\u00e7\u00e3o brasileira foi a sua mais ouvida em 2025"},"content":{"rendered":"<p>A atriz americana Anne Hathaway revelou que sua m\u00fasica mais escutada no ano de 2025 foi \u00c1guas de Mar\u00e7o, cl\u00e1ssico brasileiro de 1972 eternizado nas vozes de Tom Jobim e Elis Regina.<\/p>\n<p>Estrela de filmes como O Diabo Veste Prada e Interestelar, a atriz costuma compartilhar no Instagram uma lista de coisas de que tem gostado ou que a deixaram feliz nos \u00faltimos tempos.<\/p>\n<p>Neste s\u00e1bado, 27, ela publicou a lista de \u201c\u00faltimas coisas de 2025\u201d, citando a m\u00fasica brasileira. Na publica\u00e7\u00e3o, ela tamb\u00e9m faz outra refer\u00eancia ao Brasil, mencionando o jogador de futebol Gabriel Jesus.<\/p>\n<p>Anne cita uma carta aberta escrita pelo atleta aos f\u00e3s e colegas do Arsenal, clube onde joga na Inglaterra, revelando dificuldades com uma les\u00e3o e complica\u00e7\u00f5es no parto da filha de tr\u00eas anos. A atriz, que j\u00e1 se declarou torcedora da equipe, disse que a carta \u00e9 \u201cuma leitura obrigat\u00f3ria\u201d.<\/p>\n<p>No post, a atriz tamb\u00e9m menciona a repercuss\u00e3o do trailer de A Odisseia, filme dirigido por Christopher Nolan que ser\u00e1 estrelado por ela, Matt Damon, Tom Holland, Zendaya e outros grandes nomes de Hollywood.<\/p>\n","protected":false},"excerpt":{"rendered":"A atriz americana Anne Hathaway revelou que sua m\u00fasica mais escutada no ano de 2025 foi \u00c1guas de&hellip;\n","protected":false},"author":2,"featured_media":205067,"comment_status":"","ping_status":"","sticky":false,"template":"","format":"standard","meta":{"footnotes":""},"categories":[145],"tags":[3980,7556,13128,211,210,470,114,115,150,32,33],"class_list":{"0":"post-205066","1":"post","2":"type-post","3":"status-publish","4":"format-standard","5":"has-post-thumbnail","7":"category-celebridades","8":"tag-3980","9":"tag-anne-hathaway","10":"tag-celebridade","11":"tag-celebridades","12":"tag-celebrities","13":"tag-cinema","14":"tag-entertainment","15":"tag-entretenimento","16":"tag-musica","17":"tag-portugal","18":"tag-pt"},"share_on_mastodon":{"url":"https:\/\/pubeurope.com\/@pt\/115793544429361698","error":""},"_links":{"self":[{"href":"https:\/\/www.europesays.com\/pt\/wp-json\/wp\/v2\/posts\/205066","targetHints":{"allow":["GET"]}}],"collection":[{"href":"https:\/\/www.europesays.com\/pt\/wp-json\/wp\/v2\/posts"}],"about":[{"href":"https:\/\/www.europesays.com\/pt\/wp-json\/wp\/v2\/types\/post"}],"author":[{"embeddable":true,"href":"https:\/\/www.europesays.com\/pt\/wp-json\/wp\/v2\/users\/2"}],"replies":[{"embeddable":true,"href":"https:\/\/www.europesays.com\/pt\/wp-json\/wp\/v2\/comments?post=205066"}],"version-history":[{"count":0,"href":"https:\/\/www.europesays.com\/pt\/wp-json\/wp\/v2\/posts\/205066\/revisions"}],"wp:featuredmedia":[{"embeddable":true,"href":"https:\/\/www.europesays.com\/pt\/wp-json\/wp\/v2\/media\/205067"}],"wp:attachment":[{"href":"https:\/\/www.europesays.com\/pt\/wp-json\/wp\/v2\/media?parent=205066"}],"wp:term":[{"taxonomy":"category","embeddable":true,"href":"https:\/\/www.europesays.com\/pt\/wp-json\/wp\/v2\/categories?post=205066"},{"taxonomy":"post_tag","embeddable":true,"href":"https:\/\/www.europesays.com\/pt\/wp-json\/wp\/v2\/tags?post=205066"}],"curies":[{"name":"wp","href":"https:\/\/api.w.org\/{rel}","templated":true}]}}