{"id":205088,"date":"2025-12-27T21:28:19","date_gmt":"2025-12-27T21:28:19","guid":{"rendered":"https:\/\/www.europesays.com\/pt\/205088\/"},"modified":"2025-12-27T21:28:19","modified_gmt":"2025-12-27T21:28:19","slug":"guerras-secretas-ira-finalmente-reunir-os-4-maiores-herois-da-marvel","status":"publish","type":"post","link":"https:\/\/www.europesays.com\/pt\/205088\/","title":{"rendered":"Guerras Secretas ir\u00e1 finalmente reunir os 4 maiores her\u00f3is da Marvel"},"content":{"rendered":"<p><a href=\"https:\/\/legadodamarvel.com.br\/filme\/vingadores-guerras-secretas\/\" rel=\"nofollow noopener\" target=\"_blank\">Vingadores: Guerras Secretas<\/a> s\u00f3 chegar\u00e1 aos cinemas em dezembro de 2027, mas j\u00e1 \u00e9 um dos filmes mais aguardados dos pr\u00f3ximos anos.<\/p>\n<p>Antes disso, teremos <a href=\"https:\/\/legadodamarvel.com.br\/filme\/vingadores-doutor-destino\" rel=\"nofollow noopener\" target=\"_blank\">Vingadores: Doutor Destino<\/a>, marcado para estrear em dezembro de 2026. A grande d\u00favida \u00e9 como a Marvel ir\u00e1 equilibrar tramas e surpresas para conseguir entregar dois filmes \u00e9picos e distintos.<\/p>\n<p>Ao que tudo indica, a Marvel far\u00e1 um balan\u00e7o de personagens. Doutor Destino j\u00e1 contar\u00e1 com muitos her\u00f3is, mas tudo indica que Guerras Secretas ter\u00e1 ainda mais.<\/p>\n<p>Por exemplo, no filme de 2026, \u00e9 dito que o Homem-Aranha do <a href=\"https:\/\/legadodamarvel.com.br\/tag\/tom-holland\" rel=\"nofollow noopener\" target=\"_blank\">Tom Holland<\/a> n\u00e3o participar\u00e1 do filme. No entanto, no filme de 2027, o her\u00f3i deve enfim retornar e com muito destaque.<\/p>\n<p>Vingadores: Guerras Secretas reunir\u00e1 os 4 maiores da Marvel!<\/p>\n<p>O jornalista <a href=\"https:\/\/x.com\/cosmic_marvel\/status\/2004697712177086762\" rel=\"nofollow\">Daniel Richtman<\/a>, uma das maiores fontes de vazamentos da Marvel, acabou de revelar que o filme ir\u00e1 enfim reunir os 4 maiores her\u00f3is deste universo no cinema.<\/p>\n<p>Al\u00e9m do pr\u00f3prio Homem-Aranha do Tom Holland, j\u00e1 citado acima, foram revelados mais tr\u00eas: <a href=\"https:\/\/legadodamarvel.com.br\/tag\/tobey-maguire\" rel=\"nofollow noopener\" target=\"_blank\">Tobey Maguire<\/a>, Wolverine do <a href=\"https:\/\/legadodamarvel.com.br\/personalidade\/hugh-jackman\" rel=\"nofollow noopener\" target=\"_blank\">Hugh Jackman<\/a> e o Deadpool de <a href=\"https:\/\/legadodamarvel.com.br\/personalidade\/ryan-reynolds\" rel=\"nofollow noopener\" target=\"_blank\">Ryan Reynolds<\/a>.<\/p>\n<p>Ou seja, os 4 her\u00f3is mais populares dos \u00faltimos anos da Marvel no cinema. E sim, esse t\u00edtulo \u00e9 mais do que merecido, como poderemos ver logo abaixo.<\/p>\n<p>Afinal, desde o fim de Vingadores: Ultimato, apenas dois filmes da Marvel ultrapassaram a marca de 1 bilh\u00e3o de d\u00f3lares em bilheteria. Estamos falando de <a href=\"https:\/\/legadodamarvel.com.br\/tag\/homem-aranha-sem-volta-para-casa\/\" rel=\"nofollow noopener\" target=\"_blank\">Homem-Aranha: Sem Volta Para Casa<\/a> e <a href=\"https:\/\/legadodamarvel.com.br\/filme\/deadpool-e-wolverine\/\" rel=\"nofollow noopener\" target=\"_blank\">Deadpool &amp; Wolverine<\/a>.<\/p>\n<p>Ou seja, filmes protagonizados por estes 4 atores, que Vingadores: Guerras Secretas ir\u00e1 finalmente reunir. O encontro promete ser \u00e9pico, afinal quem nunca quis ver o Homem-Aranha do Tobey Maguire interagindo com o Wolverine do Hugh Jackman no cinema?<\/p>\n<p><strong>LEIA TAMB\u00c9M:<\/strong><\/p>\n<p>O que acharam? Deixe sua opini\u00e3o nos coment\u00e1rios e, por fim, continue acompanhando o\u00a0<strong>Legado da Marvel\u00a0<\/strong>para n\u00e3o perder nenhuma novidade!<\/p>\n","protected":false},"excerpt":{"rendered":"Vingadores: Guerras Secretas s\u00f3 chegar\u00e1 aos cinemas em dezembro de 2027, mas j\u00e1 \u00e9 um dos filmes mais&hellip;\n","protected":false},"author":2,"featured_media":205089,"comment_status":"","ping_status":"","sticky":false,"template":"","format":"standard","meta":{"footnotes":""},"categories":[140],"tags":[114,115,147,148,146,32,33,16368],"class_list":{"0":"post-205088","1":"post","2":"type-post","3":"status-publish","4":"format-standard","5":"has-post-thumbnail","7":"category-filmes","8":"tag-entertainment","9":"tag-entretenimento","10":"tag-film","11":"tag-filmes","12":"tag-movies","13":"tag-portugal","14":"tag-pt","15":"tag-vingadores-guerras-secretas"},"share_on_mastodon":{"url":"https:\/\/pubeurope.com\/@pt\/115793658179508518","error":""},"_links":{"self":[{"href":"https:\/\/www.europesays.com\/pt\/wp-json\/wp\/v2\/posts\/205088","targetHints":{"allow":["GET"]}}],"collection":[{"href":"https:\/\/www.europesays.com\/pt\/wp-json\/wp\/v2\/posts"}],"about":[{"href":"https:\/\/www.europesays.com\/pt\/wp-json\/wp\/v2\/types\/post"}],"author":[{"embeddable":true,"href":"https:\/\/www.europesays.com\/pt\/wp-json\/wp\/v2\/users\/2"}],"replies":[{"embeddable":true,"href":"https:\/\/www.europesays.com\/pt\/wp-json\/wp\/v2\/comments?post=205088"}],"version-history":[{"count":0,"href":"https:\/\/www.europesays.com\/pt\/wp-json\/wp\/v2\/posts\/205088\/revisions"}],"wp:featuredmedia":[{"embeddable":true,"href":"https:\/\/www.europesays.com\/pt\/wp-json\/wp\/v2\/media\/205089"}],"wp:attachment":[{"href":"https:\/\/www.europesays.com\/pt\/wp-json\/wp\/v2\/media?parent=205088"}],"wp:term":[{"taxonomy":"category","embeddable":true,"href":"https:\/\/www.europesays.com\/pt\/wp-json\/wp\/v2\/categories?post=205088"},{"taxonomy":"post_tag","embeddable":true,"href":"https:\/\/www.europesays.com\/pt\/wp-json\/wp\/v2\/tags?post=205088"}],"curies":[{"name":"wp","href":"https:\/\/api.w.org\/{rel}","templated":true}]}}