{"id":205126,"date":"2025-12-27T22:02:13","date_gmt":"2025-12-27T22:02:13","guid":{"rendered":"https:\/\/www.europesays.com\/pt\/205126\/"},"modified":"2025-12-27T22:02:13","modified_gmt":"2025-12-27T22:02:13","slug":"o-novo-submarino-furtivo-do-japao-e-algo-nunca-visto-e-vai-mudar-as-regras-da-guerra","status":"publish","type":"post","link":"https:\/\/www.europesays.com\/pt\/205126\/","title":{"rendered":"O novo submarino furtivo do Jap\u00e3o \u00e9 algo nunca visto (e vai mudar as regras da guerra)"},"content":{"rendered":"<p class=\"wp-caption-text top\">Minist\u00e9rio da Defesa do Jap\u00e3o<\/p>\n<p><img decoding=\"async\" loading=\"lazy\" class=\"size-kopa-image-size-3 wp-image-719137\" src=\"https:\/\/www.europesays.com\/pt\/wp-content\/uploads\/2025\/12\/e4da3b7fbbce2345d7772b0674a318d5-1-783x450.jpg\" alt=\"\" width=\"700\" height=\"402\"  \/><\/p>\n<p class=\"wp-caption-text bot\">O JS Sogei, o sexto submarino da classe Taigei da For\u00e7a Mar\u00edtima de Autodefesa do Jap\u00e3o, foi lan\u00e7ado em outubro de 2025.<\/p>\n<p><strong>O Jap\u00e3o desenvolveu discretamente um novo tipo de submarino que est\u00e1 a mudar as regras da guerra subaqu\u00e1tica. O seu trunfo? Um sistema inovador de baterias de i\u00f5es de l\u00edtio, o primeiro do g\u00e9nero, que lhe permite ficar submerso durante v\u00e1rios dias mais do que qualquer modelo tradicional.<\/strong><\/p>\n<p>Em meados de outubro, nos estaleiros de Kobe, o Jap\u00e3o lan\u00e7ou o <strong>Sogei<\/strong>, um submarino de ataque da classe Taigei com 3.000 toneladas. \u00c0 primeira vista, pode parecer uma embarca\u00e7\u00e3o h\u00edbrida convencional a diesel-el\u00e9trico, mas est\u00e1<strong> longe de ser comum<\/strong>.<\/p>\n<p>Em vez das tradicionais baterias de chumbo-\u00e1cido, utiliza <strong>c\u00e9lulas de i\u00f5es de l\u00edtio<\/strong>, que oferecem uma densidade energ\u00e9tica tr\u00eas a cinco vezes superior. O resultado: uma <strong>autonomia subaqu\u00e1tica<\/strong> muito mais prolongada e uma depend\u00eancia significativamente reduzida dos motores a diesel.<\/p>\n<p>Os submarinos convencionais costumam recorrer a um sistema de Propuls\u00e3o Independente do Ar (AIP), que lhes permite recarregar as baterias sem necessidade de emergir. Mas estes sistemas apresentam dois problemas:\u00a0<strong> limitam\u00a0drasticamente tanto a velocidade como a pot\u00eancia<\/strong>.<\/p>\n<p>A classe Taigei <strong>elimina por completo essa restri\u00e7\u00e3o<\/strong>, baseando-se unicamente no armazenamento de energia em baterias de i\u00f5es de l\u00edtio, o que torna o novo submarino japon\u00eas <strong>quase t\u00e3o vers\u00e1til quanto um movido a energia nuclear<\/strong>., explica a <a href=\"https:\/\/www.futura-sciences.com\/en\/japans-new-stealth-submarine-is-unlike-anything-seen-before-heres-why_22539\/\" data-wpel-link=\"external\" target=\"_blank\" rel=\"nofollow external noopener noreferrer\" class=\"ext-link\">Futura Sciences<\/a>.<\/p>\n<p>Mas <strong>a sua miss\u00e3o \u00e9 diferente<\/strong>. Operando sobretudo nas imedia\u00e7\u00f5es das ilhas do Jap\u00e3o, frequentemente sob <strong>apertada vigil\u00e2ncia a\u00e9rea e naval da China<\/strong>, o fator determinante <strong>\u00e9 o sil\u00eancio, e n\u00e3o o alcance ilimitado<\/strong>.<\/p>\n<p>Estes submarinos conseguem<strong> navegar discretamente<\/strong> debaixo de \u00e1gua at\u00e9 12 dias a baixa velocidade, <strong>em contraste com os 3 a 5 dias<\/strong> proporcionados pelos modelos diesel-el\u00e9tricos convencionais.<\/p>\n<p>A plena pot\u00eancia, o sistema de i\u00f5es de l\u00edtio permite ao Sogei atingir velocidades de <strong>20 n\u00f3s quando submerso<\/strong> \u2014 impressionante para um navio n\u00e3o nuclear. O reverso da medalha, claro, \u00e9 uma a<strong>utonomia mais curta a velocidades superiores<\/strong>.<\/p>\n<p>Os benef\u00edcios deste design s\u00e3o <strong>tanto t\u00e1ticos como econ\u00f3micos<\/strong>. N\u00e3o havendo reator nuclear, h\u00e1<strong> menos exig\u00eancias de manuten\u00e7\u00e3o<\/strong> e menos restri\u00e7\u00f5es de seguran\u00e7a, mantendo-se uma ampla capacidade operacional.<\/p>\n<p>Contudo, integrar baterias de i\u00f5es de l\u00edtio em submarinos <strong>n\u00e3o foi tarefa f\u00e1cil<\/strong>. A marinha japonesa <strong>demorou mais de uma d\u00e9cada<\/strong> a aperfei\u00e7oar uma arquitetura segura, j\u00e1 que o sobreaquecimento ou combust\u00e3o a bordo poderia ser catastr\u00f3fico \u2014 n\u00e3o h\u00e1 forma de ventilar ou evacuar.<\/p>\n<p>Outras marinhas<strong> continuam a considerar o risco demasiado elevado<\/strong>, mas o Jap\u00e3o j\u00e1 <strong>pensa no futuro<\/strong>. Os engenheiros nip\u00f3nicos est\u00e3o agora a trabalhar numa nova gera\u00e7\u00e3o de baterias de estado s\u00f3lido, cujo lan\u00e7amento est\u00e1 previsto para cerca de 2030, em que <strong>um eletr\u00f3lito s\u00f3lido substitui o l\u00edquido tradicional<\/strong>.<\/p>\n<p>Estas baterias ser\u00e3o <strong>mais leves, eficientes<\/strong> e funcionam a temperaturas mais baixas, eliminando potencialmente a necessidade de sistemas de arrefecimento complexos, o que significa<strong> mais espa\u00e7o para armamento e eletr\u00f3nica<\/strong>, e um desempenho cada vez mais pr\u00f3ximo dos submarinos nucleares \u2014 tudo sem recorrer a um reator.<\/p>\n<p>Para j\u00e1, o projeto mant\u00e9m-se em<strong> fase de investiga\u00e7\u00e3o<\/strong>, mas a revolu\u00e7\u00e3o silenciosa do Jap\u00e3o debaixo de \u00e1gua pode em breve redefinir o equil\u00edbrio do poder naval.<\/p>\n<p>    <a href=\"https:\/\/zap.aeiou.pt\/subscrever-newsletter\" data-wpel-link=\"internal\" rel=\"nofollow noopener\" target=\"_blank\">&#13;<br \/>\n        <img loading=\"lazy\" decoding=\"async\" class=\"aligncenter size-full wp-image-575475\" src=\"https:\/\/www.europesays.com\/pt\/wp-content\/uploads\/2025\/12\/1765389371_545_2d51fe4a0ba54894421ead1809309ed9-1-450x140.jpg\" alt=\"Subscreva a Newsletter ZAP\" width=\"450\" height=\"140\"\/>&#13;<br \/>\n    <\/a><\/p>\n<p>                <a href=\"https:\/\/whatsapp.com\/channel\/0029VaIC4EE2f3EJZPPSbR34\" data-wpel-link=\"external\" target=\"_blank\" rel=\"nofollow external noopener noreferrer\" class=\"ext-link\">&#13;<br \/>\n                    <img loading=\"lazy\" decoding=\"async\" class=\"aligncenter size-full wp-image-575475\" src=\"https:\/\/www.europesays.com\/pt\/wp-content\/uploads\/2025\/12\/1765389371_770_c68c559d956d4ca20f435ed74a6e71e6.png\" alt=\"Siga-nos no WhatsApp\" width=\"175\" height=\"64\"\/>&#13;<br \/>\n                <\/a><\/p>\n<p>                <a href=\"https:\/\/news.google.com\/publications\/CAAiEHRwZondIV71PDjWNoqMduEqFAgKIhB0cGaJ3SFe9Tw41jaKjHbh?hl=en-US&amp;gl=US&amp;ceid=US%3Aen\" data-wpel-link=\"external\" target=\"_blank\" rel=\"nofollow external noopener noreferrer\" class=\"ext-link\">&#13;<br \/>\n                    <img loading=\"lazy\" decoding=\"async\" class=\"aligncenter size-full wp-image-575475\" src=\"https:\/\/www.europesays.com\/pt\/wp-content\/uploads\/2025\/12\/1765389372_556_5123dd8b087b644fdb8f8603acd1bad4.png\" alt=\"Siga-nos no Google News\" width=\"176\" height=\"64\"\/>&#13;<br \/>\n                <\/a><\/p>\n","protected":false},"excerpt":{"rendered":"Minist\u00e9rio da Defesa do Jap\u00e3o O JS Sogei, o sexto submarino da classe Taigei da For\u00e7a Mar\u00edtima de&hellip;\n","protected":false},"author":2,"featured_media":205127,"comment_status":"","ping_status":"","sticky":false,"template":"","format":"standard","meta":{"footnotes":""},"categories":[50],"tags":[27,28,2537,15,16,14,2172,461,25,26,21,22,62,12,13,19,20,23,24,17,18,29,30,31,63,64,65],"class_list":{"0":"post-205126","1":"post","2":"type-post","3":"status-publish","4":"format-standard","5":"has-post-thumbnail","7":"category-mundo","8":"tag-breaking-news","9":"tag-breakingnews","10":"tag-defesa","11":"tag-featured-news","12":"tag-featurednews","13":"tag-headlines","14":"tag-inovacao","15":"tag-japao","16":"tag-latest-news","17":"tag-latestnews","18":"tag-main-news","19":"tag-mainnews","20":"tag-mundo","21":"tag-news","22":"tag-noticias","23":"tag-noticias-principais","24":"tag-noticiasprincipais","25":"tag-principais-noticias","26":"tag-principaisnoticias","27":"tag-top-stories","28":"tag-topstories","29":"tag-ultimas","30":"tag-ultimas-noticias","31":"tag-ultimasnoticias","32":"tag-world","33":"tag-world-news","34":"tag-worldnews"},"share_on_mastodon":{"url":"https:\/\/pubeurope.com\/@pt\/115793792164738445","error":""},"_links":{"self":[{"href":"https:\/\/www.europesays.com\/pt\/wp-json\/wp\/v2\/posts\/205126","targetHints":{"allow":["GET"]}}],"collection":[{"href":"https:\/\/www.europesays.com\/pt\/wp-json\/wp\/v2\/posts"}],"about":[{"href":"https:\/\/www.europesays.com\/pt\/wp-json\/wp\/v2\/types\/post"}],"author":[{"embeddable":true,"href":"https:\/\/www.europesays.com\/pt\/wp-json\/wp\/v2\/users\/2"}],"replies":[{"embeddable":true,"href":"https:\/\/www.europesays.com\/pt\/wp-json\/wp\/v2\/comments?post=205126"}],"version-history":[{"count":0,"href":"https:\/\/www.europesays.com\/pt\/wp-json\/wp\/v2\/posts\/205126\/revisions"}],"wp:featuredmedia":[{"embeddable":true,"href":"https:\/\/www.europesays.com\/pt\/wp-json\/wp\/v2\/media\/205127"}],"wp:attachment":[{"href":"https:\/\/www.europesays.com\/pt\/wp-json\/wp\/v2\/media?parent=205126"}],"wp:term":[{"taxonomy":"category","embeddable":true,"href":"https:\/\/www.europesays.com\/pt\/wp-json\/wp\/v2\/categories?post=205126"},{"taxonomy":"post_tag","embeddable":true,"href":"https:\/\/www.europesays.com\/pt\/wp-json\/wp\/v2\/tags?post=205126"}],"curies":[{"name":"wp","href":"https:\/\/api.w.org\/{rel}","templated":true}]}}