{"id":205130,"date":"2025-12-27T22:05:07","date_gmt":"2025-12-27T22:05:07","guid":{"rendered":"https:\/\/www.europesays.com\/pt\/205130\/"},"modified":"2025-12-27T22:05:07","modified_gmt":"2025-12-27T22:05:07","slug":"chevy-chase-revela-experiencia-de-quase-morte-e-apagao-de-memoria-sobre-polemicas-antigas","status":"publish","type":"post","link":"https:\/\/www.europesays.com\/pt\/205130\/","title":{"rendered":"Chevy Chase revela experi\u00eancia de quase morte e &#8220;apag\u00e3o&#8221; de mem\u00f3ria sobre pol\u00eamicas antigas"},"content":{"rendered":"<p class=\"wp-block-yoast-seo-estimated-reading-time yoast-reading-time__wrapper\">Estimated reading time: 3 minutos<\/p>\n<p>O lend\u00e1rio e controverso comediante <strong>Chevy Chase<\/strong> abriu o jogo sobre um epis\u00f3dio dram\u00e1tico de sa\u00fade que viveu em 2021. Em um novo document\u00e1rio da <strong>CNN Films<\/strong>, intitulado <strong>I&#8217;m Chevy Chase and You&#8217;re Not<\/strong>, o ator revelou (via <a href=\"https:\/\/deadline.com\/2025\/12\/chevy-chase-1236657453\/\" target=\"_blank\" rel=\"noreferrer noopener nofollow\">Deadline<\/a>) que sofreu uma insufici\u00eancia card\u00edaca <strong>&#8220;quase fatal&#8221;<\/strong> que o deixou em coma por mais de uma semana.<\/p>\n<p>Segundo sua filha, <strong>Caley Chase<\/strong>, o pai <strong>&#8220;basicamente voltou dos mortos&#8221;<\/strong> ap\u00f3s o incidente.<\/p>\n<p>Embora a interna\u00e7\u00e3o de Chase em 2021 tenha sido noticiada na \u00e9poca, a gravidade real da situa\u00e7\u00e3o foi mantida em segredo at\u00e9 agora. <strong>Jayni Chase<\/strong>, esposa do ator, explicou que o problema foi decorrente de anos de abuso de \u00e1lcool.<\/p>\n<p><strong>&#8220;O cora\u00e7\u00e3o dele parou. Durante os anos em que ele bebia, desenvolveu cardiomiopatia; quando os m\u00fasculos do cora\u00e7\u00e3o enfraquecem e n\u00e3o conseguem bombear tanto sangue a cada batida&#8221;<\/strong>, revelou Jayni.<\/p>\n<p>Os m\u00e9dicos decidiram coloc\u00e1-lo em coma induzido por cerca de oito dias para tentar salvar sua vida, alertando a fam\u00edlia para se preparar para o pior. Felizmente, o ator acordou, mas o trauma deixou sequelas permanentes: lacunas de mem\u00f3ria.<\/p>\n<p>A perda de mem\u00f3ria citada pelos m\u00e9dicos tornou-se um ponto central \u2014 e pol\u00eamico \u2014 do document\u00e1rio. Quando questionado sobre sua longa lista de comportamentos dif\u00edceis em sets de filmagem, Chase afirmou simplesmente n\u00e3o se lembrar dos incidentes.<\/p>\n<p><strong>&#8220;Segundo os m\u00e9dicos, minha mem\u00f3ria ficaria comprometida. E foi exatamente o que aconteceu&#8221;<\/strong>, disse o ator. <strong>&#8220;Estou bem agora. \u00c9 s\u00f3 que isso afeta a mem\u00f3ria\u2026 Ent\u00e3o, preciso que me lembrem das coisas.&#8221;<\/strong><\/p>\n<p>Vale lembrar que a carreira de <strong>Chevy Chase<\/strong> sofreu um decl\u00ednio acentuado nas \u00faltimas d\u00e9cadas devido \u00e0 sua reputa\u00e7\u00e3o de ser uma pessoa dif\u00edcil de trabalhar. Chase teve desentendimentos p\u00fablicos e agressivos com o criador da s\u00e9rie <a href=\"https:\/\/ovicio.com.br\/tag\/community\/\" rel=\"nofollow noopener\" target=\"_blank\">Community<\/a>, <strong>Dan Harmon<\/strong>, e supostamente usou insultos racistas no set, o que levou \u00e0 sua sa\u00edda do seriado.<\/p>\n<p><strong>Chevy Chase<\/strong> tamb\u00e9m foi banido de apresentar o <strong>Saturday Night Live<\/strong> no passado ap\u00f3s agredir fisicamente um membro do elenco e \u00e9 frequentemente citado por ex-colegas como o membro menos querido da hist\u00f3ria do programa.<\/p>\n<p><strong>Community<\/strong>, com <strong>Chevy Chase<\/strong>, est\u00e1 agora dispon\u00edvel no <strong>Prime Video<\/strong> (por meio de uma assinatura adicional ao servi\u00e7o de streaming).<\/p>\n<p>Leia tamb\u00e9m sobre Chevy Chase:<\/p>\n","protected":false},"excerpt":{"rendered":"Estimated reading time: 3 minutos O lend\u00e1rio e controverso comediante Chevy Chase abriu o jogo sobre um epis\u00f3dio&hellip;\n","protected":false},"author":2,"featured_media":205131,"comment_status":"","ping_status":"","sticky":false,"template":"","format":"standard","meta":{"footnotes":""},"categories":[145],"tags":[211,210,40550,21089,114,115,32,33],"class_list":{"0":"post-205130","1":"post","2":"type-post","3":"status-publish","4":"format-standard","5":"has-post-thumbnail","7":"category-celebridades","8":"tag-celebridades","9":"tag-celebrities","10":"tag-chevy-chase","11":"tag-community","12":"tag-entertainment","13":"tag-entretenimento","14":"tag-portugal","15":"tag-pt"},"share_on_mastodon":{"url":"https:\/\/pubeurope.com\/@pt\/115793803622924493","error":""},"_links":{"self":[{"href":"https:\/\/www.europesays.com\/pt\/wp-json\/wp\/v2\/posts\/205130","targetHints":{"allow":["GET"]}}],"collection":[{"href":"https:\/\/www.europesays.com\/pt\/wp-json\/wp\/v2\/posts"}],"about":[{"href":"https:\/\/www.europesays.com\/pt\/wp-json\/wp\/v2\/types\/post"}],"author":[{"embeddable":true,"href":"https:\/\/www.europesays.com\/pt\/wp-json\/wp\/v2\/users\/2"}],"replies":[{"embeddable":true,"href":"https:\/\/www.europesays.com\/pt\/wp-json\/wp\/v2\/comments?post=205130"}],"version-history":[{"count":0,"href":"https:\/\/www.europesays.com\/pt\/wp-json\/wp\/v2\/posts\/205130\/revisions"}],"wp:featuredmedia":[{"embeddable":true,"href":"https:\/\/www.europesays.com\/pt\/wp-json\/wp\/v2\/media\/205131"}],"wp:attachment":[{"href":"https:\/\/www.europesays.com\/pt\/wp-json\/wp\/v2\/media?parent=205130"}],"wp:term":[{"taxonomy":"category","embeddable":true,"href":"https:\/\/www.europesays.com\/pt\/wp-json\/wp\/v2\/categories?post=205130"},{"taxonomy":"post_tag","embeddable":true,"href":"https:\/\/www.europesays.com\/pt\/wp-json\/wp\/v2\/tags?post=205130"}],"curies":[{"name":"wp","href":"https:\/\/api.w.org\/{rel}","templated":true}]}}