{"id":205251,"date":"2025-12-28T00:38:14","date_gmt":"2025-12-28T00:38:14","guid":{"rendered":"https:\/\/www.europesays.com\/pt\/205251\/"},"modified":"2025-12-28T00:38:14","modified_gmt":"2025-12-28T00:38:14","slug":"asus-podera-entrar-no-mercado-da-memoria-ram-em-2026","status":"publish","type":"post","link":"https:\/\/www.europesays.com\/pt\/205251\/","title":{"rendered":"Asus poder\u00e1 entrar no mercado da mem\u00f3ria RAM em 2026"},"content":{"rendered":"<p>O segmento da mem\u00f3ria RAM encontra-se num estado de disrup\u00e7\u00e3o, com pre\u00e7os em alta e uma escassez que se prev\u00ea prolongar. Neste cen\u00e1rio turbulento, surgem rumores de que a Asus poder\u00e1 estar a preparar-se para se tornar um novo interveniente no mercado.<\/p>\n<p style=\"text-align: center;\"><a target=\"_blank\" href=\"https:\/\/www.europesays.com\/pt\/wp-content\/uploads\/2025\/12\/asus.png\" onclick=\"refreshIframe()\" class=\"foobox\"><img fetchpriority=\"high\" decoding=\"async\" src=\"https:\/\/www.europesays.com\/pt\/wp-content\/uploads\/2025\/12\/asus.png\" alt=\"\" width=\"800\" height=\"450\" class=\"alignnone size-full wp-image-836900\"  \/><\/a><\/p>\n<p>O rumor e o seu contexto<\/p>\n<p>De acordo com informa\u00e7\u00f5es divulgadas pela <a target=\"_blank\" href=\"https:\/\/sakhtafzarmag.com\/asus-entering-ram-market\/\" rel=\"nofollow noopener\">Sakhtafzarmag<\/a>, a gigante taiwanesa Asus estaria a planear a sua entrada no mercado de DRAM, com um lan\u00e7amento potencial para 2026. Esta informa\u00e7\u00e3o surge num momento particularmente cr\u00edtico, com relat\u00f3rios da ind\u00fastria <strong>a indicarem uma poss\u00edvel escassez de mem\u00f3ria RAM at\u00e9 final de 2027<\/strong>.<\/p>\n<p>A fonte em quest\u00e3o tem um historial de fugas de informa\u00e7\u00e3o cred\u00edveis sobre processadores da AMD e Intel, o que confere algum peso ao rumor. Perante um mercado t\u00e3o atrativo, <strong>a movimenta\u00e7\u00e3o de outra grande empresa de hardware parece plaus\u00edvel<\/strong>.<\/p>\n<p>Com receitas anuais superiores a 18 mil milh\u00f5es de d\u00f3lares e uma presen\u00e7a dominante no hardware para PC, desde placas-m\u00e3e a port\u00e1teis de gaming, a Asus \u00e9 um peso pesado. A entrada no segmento da RAM <strong>seria uma extens\u00e3o natural do seu portf\u00f3lio<\/strong>.<\/p>\n<p>Este movimento \u00e9 ainda mais l\u00f3gico se considerarmos a recente decis\u00e3o da Micron de descontinuar a sua marca de consumo, Crucial. A empresa norte-americana optou por focar-se no mercado de centros de dados, mais lucrativo com a explos\u00e3o da IA, deixando assim um vazio no segmento de retalho <strong>que outras marcas poder\u00e3o preencher<\/strong>.<\/p>\n<p style=\"text-align: center;\"><a target=\"_blank\" href=\"https:\/\/www.europesays.com\/pt\/wp-content\/uploads\/2025\/12\/asus.jpg\" onclick=\"refreshIframe()\" class=\"foobox\"><img loading=\"lazy\" decoding=\"async\" src=\"https:\/\/www.europesays.com\/pt\/wp-content\/uploads\/2025\/12\/asus.jpg\" alt=\"\" width=\"800\" height=\"450\" class=\"alignnone size-full wp-image-836313\"  \/><\/a><\/p>\n<p>O modelo Corsair: um poss\u00edvel caminho a seguir pela Asus<\/p>\n<p>A forma mais prov\u00e1vel de entrada \u00e9 espelhando a estrat\u00e9gia da Corsair, uma empresa que n\u00e3o fabrica mem\u00f3rias, mas que as &#8220;ensambla&#8221;. A Corsair desenha as suas pr\u00f3prias placas de circuito impresso (PCB), sistemas de dissipa\u00e7\u00e3o e overclocking, e depois solda m\u00f3dulos de mem\u00f3ria adquiridos aos tr\u00eas grandes fabricantes: <strong>Samsung, SK Hynix e Micron<\/strong>.<\/p>\n<p>Esta \u00e9 uma abordagem de baixo risco que a Asus j\u00e1 domina noutras \u00e1reas, como nas suas placas gr\u00e1ficas, onde utiliza chips da NVIDIA em PCB de desenho pr\u00f3prio. <strong>Seria um caminho natural e relativamente seguro<\/strong>.<\/p>\n<p>Analisando as possibilidades, a Asus teria essencialmente tr\u00eas vias para ingressar neste mercado.<\/p>\n<ul>\n<li>A primeira, como referido, seria tornar-se um &#8220;ensamblador&#8221; de confian\u00e7a, comprando os chips aos tr\u00eas grandes.<\/li>\n<li>A segunda op\u00e7\u00e3o, mais arriscada mas potencialmente disruptiva, seria aliar-se a fabricantes emergentes, como a chinesa CXMT \u2013 que recentemente validou m\u00f3dulos DDR5 \u2013, contornando assim a cadeia de abastecimento tradicional e as suas limita\u00e7\u00f5es.<\/li>\n<li>A terceira via, a mais complexa e improv\u00e1vel a curto prazo, seria a Asus transformar-se ela pr\u00f3pria num fabricante de chips de mem\u00f3ria, um processo que exigiria investimentos colossais e know-how que a empresa atualmente n\u00e3o possui.<\/li>\n<\/ul>\n<p>\u00a0<\/p>\n<p><strong>Leia tamb\u00e9m:<\/strong><\/p>\n","protected":false},"excerpt":{"rendered":"O segmento da mem\u00f3ria RAM encontra-se num estado de disrup\u00e7\u00e3o, com pre\u00e7os em alta e uma escassez que&hellip;\n","protected":false},"author":2,"featured_media":205252,"comment_status":"","ping_status":"","sticky":false,"template":"","format":"standard","meta":{"footnotes":""},"categories":[84],"tags":[15519,109,107,108,32,33,34828,105,103,104,106,110],"class_list":{"0":"post-205251","1":"post","2":"type-post","3":"status-publish","4":"format-standard","5":"has-post-thumbnail","7":"category-ciencia-e-tecnologia","8":"tag-asus","9":"tag-ciencia","10":"tag-ciencia-e-tecnologia","11":"tag-cienciaetecnologia","12":"tag-portugal","13":"tag-pt","14":"tag-ram","15":"tag-science","16":"tag-science-and-technology","17":"tag-scienceandtechnology","18":"tag-technology","19":"tag-tecnologia"},"share_on_mastodon":{"url":"https:\/\/pubeurope.com\/@pt\/115794405551040604","error":""},"_links":{"self":[{"href":"https:\/\/www.europesays.com\/pt\/wp-json\/wp\/v2\/posts\/205251","targetHints":{"allow":["GET"]}}],"collection":[{"href":"https:\/\/www.europesays.com\/pt\/wp-json\/wp\/v2\/posts"}],"about":[{"href":"https:\/\/www.europesays.com\/pt\/wp-json\/wp\/v2\/types\/post"}],"author":[{"embeddable":true,"href":"https:\/\/www.europesays.com\/pt\/wp-json\/wp\/v2\/users\/2"}],"replies":[{"embeddable":true,"href":"https:\/\/www.europesays.com\/pt\/wp-json\/wp\/v2\/comments?post=205251"}],"version-history":[{"count":0,"href":"https:\/\/www.europesays.com\/pt\/wp-json\/wp\/v2\/posts\/205251\/revisions"}],"wp:featuredmedia":[{"embeddable":true,"href":"https:\/\/www.europesays.com\/pt\/wp-json\/wp\/v2\/media\/205252"}],"wp:attachment":[{"href":"https:\/\/www.europesays.com\/pt\/wp-json\/wp\/v2\/media?parent=205251"}],"wp:term":[{"taxonomy":"category","embeddable":true,"href":"https:\/\/www.europesays.com\/pt\/wp-json\/wp\/v2\/categories?post=205251"},{"taxonomy":"post_tag","embeddable":true,"href":"https:\/\/www.europesays.com\/pt\/wp-json\/wp\/v2\/tags?post=205251"}],"curies":[{"name":"wp","href":"https:\/\/api.w.org\/{rel}","templated":true}]}}