{"id":205279,"date":"2025-12-28T01:15:22","date_gmt":"2025-12-28T01:15:22","guid":{"rendered":"https:\/\/www.europesays.com\/pt\/205279\/"},"modified":"2025-12-28T01:15:22","modified_gmt":"2025-12-28T01:15:22","slug":"eurico-figueiredo-ex-dirigente-do-ps-morre-aos-86-anos-observador","status":"publish","type":"post","link":"https:\/\/www.europesays.com\/pt\/205279\/","title":{"rendered":"Eurico Figueiredo, ex-dirigente do PS, morre aos 86 anos \u2013 Observador"},"content":{"rendered":"<p>Eurico Figueiredo, hist\u00f3rico socialista que, no entanto, saiu do PS em discord\u00e2ncia com Guterres, morreu no hospital de Santo Ant\u00f3nio no Porto. Tinha 86 anos, noticiou a <a href=\"https:\/\/www.rtp.pt\/noticias\/politica\/morreu-o-historico-socialista-eurico-figueiredo-aos-86-anos_v1706508\" rel=\"nofollow noopener\" target=\"_blank\">RTP<\/a>.<\/p>\n<p>Segundo a esta\u00e7\u00e3o de televis\u00e3o,\u00a0Eurico Figueiredo estava internado com gripe A.<\/p>\n<p>Transmontano, reformou-se aos 64 anos como professor catedr\u00e1tico de Psiquiatria no Instituto de Ci\u00eancias Biom\u00e9dicas de Abel Salazar. Foi m\u00e9dico e professor universit\u00e1rio. Mas foi na pol\u00edtica que se assumiu figura medi\u00e1tica.<\/p>\n<p>Foi militante do Partido Socialista de agosto de 1974 at\u00e9 1999, tendo sa\u00eddo, segundo v\u00e1rias biografias, em discord\u00e2ncia com Ant\u00f3nio Guterres. Depois disso voltou ao partido para sair novamente com Ant\u00f3nio Jos\u00e9 Seguro. Foi v\u00e1rias vezes membro da Dire\u00e7\u00e3o Nacional e Pol\u00edtica do PS e chegou a ser deputado do partido (de 1983 a 1985 e de 1991 at\u00e9 1999). Candidatou-se, mais tarde, \u00e0s europeias pelo Partido da Terra \u2013 MPT. Em 2014, encabe\u00e7ou a lista do Porto \u00e0s europeias, que em Lisboa conseguiu eleger Marinho e Pinto. Foi enquanto candidato \u00e0s europeias que Eurico Figueiredo protagonizou uma greve da fome, em protesto contra a Seguran\u00e7a Social, que dizia lhe devia mais de 3.000 euros por penhora que considerava ilegal da reforma. \u201cEste \u00e9 um Estado delinquente que quero denunciar e garantir que, se for eleito deputado, vou ser intransigente e transformar um Estado delinquente num Estado de bem\u201d, declarava.<\/p>\n<p>Nascido em Justes, Vila Real, em 1939, Eurico Figueiredo come\u00e7ou as suas incurs\u00f5es na pol\u00edtica nas lutas contra a ditadura enquanto estudante. Numa biografia na Wook indica-se que \u201ccom 16 anos iniciou a sua atividade pol\u00edtica no MUD Juvenil; aos 18 anos participou ativamente na campanha do General Humberto Delgado; e, como Presidente da Comiss\u00e3o Pr\u00f3-Associa\u00e7\u00e3o dos Estudantes de Medicina de Lisboa, foi dos mais destacados dirigentes das greves de 1962\u201d, tendo participado numa greve de fome, nessa altura.<\/p>\n<p>Na sequ\u00eancia, foi expulso por 30 meses da Universidade de Lisboa. J\u00e1 em Coimbra, de 1962 a 1965, \u201cparticipa ativamente\u201d na reorganiza\u00e7\u00e3o do movimento estudantil, tendo, em 1962 sido eleito como primeiro secret\u00e1rio-geral do Secretariado Nacional dos Estudantes Portugueses. Em 1963, funda, em Coimbra, o movimento clandestino \u201cMovimento Sindical Estudantil\u201d.<\/p>\n<p>Preso por tr\u00eas vezes pela PIDE, exila-se na Su\u00ed\u00e7a em 1965, onde tira o curso. Vive a\u00ed at\u00e9 1976, ano em que regressa a Portugal. Em 1974 inscreve-se no PS, depois de na sua juventude ter estado associado ao PCP \u2014 partido que deixa em 1967 devido \u00e0 invas\u00e3o da Checoslov\u00e1quia pela URSS.<\/p>\n<p>Numa nota no site da Presid\u00eancia, Marcelo Rebelo de Sousa diz ter recebido, \u201ccom muita consterna\u00e7\u00e3o, a not\u00edcia do falecimento\u201d de Eurico Figueiredo que diz ter sido \u201cum grande lutador pela Liberdade e pela Democracia, de uma verticalidade e de uma independ\u00eancia sem limite\u201d. Deixa o seu \u201cprofundo pesar\u201d \u00e0 fam\u00edlia, amigos, correligion\u00e1rios e admiradores, e ao Partido Socialista, pela <strong>\u201cperda de alcance nacional\u201d.<\/strong><\/p>\n<p>O PS lamentou a morte do antigo deputado e ex-dirigente do partido Eurico Figueiredo, recordando a sua luta antifascista e considerando-o \u201cuma refer\u00eancia pol\u00edtica incontorn\u00e1vel para todos os socialistas\u201d. \u201cO Partido Socialista manifesta o seu profundo pesar pelo falecimento de Eurico Figueiredo, militante do PS desde 1974, onde desempenhou v\u00e1rios cargos dirigentes e foi deputado \u00e0 Assembleia da Rep\u00fablica\u201d, refere o partido numa nota enviada \u00e0s reda\u00e7\u00f5es.<\/p>\n<p>Segundo o partido, \u201cEurico Figueiredo foi uma grande figura da democracia portuguesa e a sua vida constituiu um exemplo de tenacidade, de combatividade e de convic\u00e7\u00f5es, mas tamb\u00e9m de uma imensa generosidade\u201d.<\/p>\n<p>\u201cA melhor homenagem que lhe prestaremos ser\u00e1 mesmo a continua\u00e7\u00e3o do combate por um pa\u00eds mais justo, mais coeso e solid\u00e1rio. Eurico Figueiredo \u00e9 e ser\u00e1 uma refer\u00eancia pol\u00edtica incontorn\u00e1vel para todos os socialistas\u201d, elogia, apresentando sentidas condol\u00eancias \u00e0 fam\u00edlia.<\/p>\n<p>O PS destaca Eurico Figueiredo como um \u201cdestacado resistente antifascista, desde logo quando, com apenas 18 anos, foi um ativo participante na campanha presidencial de Humberto Delgado\u201d. \u201cViria a ter um papel not\u00e1vel nos movimentos estudantis, quer em Lisboa, quer em Coimbra, que combateram o regime, em particular nas greves acad\u00e9micas de 1962\u201d, recorda.<\/p>\n<p>\u201cEurico Figueiredo, psiquiatra reconhecido, foi tamb\u00e9m um grande defensor da regi\u00e3o Tr\u00e1s-os-Montes e da identidade duriense, de onde era natural (Vila Real, 1939). Foi ainda um precursor pol\u00edtico em mat\u00e9rias como a defesa do ambiente, lutando pela sua inclus\u00e3o na agenda pol\u00edtica\u201d, pode ler-se ainda.<\/p>\n","protected":false},"excerpt":{"rendered":"Eurico Figueiredo, hist\u00f3rico socialista que, no entanto, saiu do PS em discord\u00e2ncia com Guterres, morreu no hospital de&hellip;\n","protected":false},"author":2,"featured_media":205280,"comment_status":"","ping_status":"","sticky":false,"template":"","format":"standard","meta":{"footnotes":""},"categories":[8],"tags":[27,28,15,16,14,25,26,21,22,12,13,19,20,302,32,23,24,455,33,58,17,18,2303,29,30,31],"class_list":{"0":"post-205279","1":"post","2":"type-post","3":"status-publish","4":"format-standard","5":"has-post-thumbnail","7":"category-principais-noticias","8":"tag-breaking-news","9":"tag-breakingnews","10":"tag-featured-news","11":"tag-featurednews","12":"tag-headlines","13":"tag-latest-news","14":"tag-latestnews","15":"tag-main-news","16":"tag-mainnews","17":"tag-news","18":"tag-noticias","19":"tag-noticias-principais","20":"tag-noticiasprincipais","21":"tag-polu00edtica","22":"tag-portugal","23":"tag-principais-noticias","24":"tag-principaisnoticias","25":"tag-ps","26":"tag-pt","27":"tag-sociedade","28":"tag-top-stories","29":"tag-topstories","30":"tag-u00d3bito","31":"tag-ultimas","32":"tag-ultimas-noticias","33":"tag-ultimasnoticias"},"share_on_mastodon":{"url":"https:\/\/pubeurope.com\/@pt\/115794550750014355","error":""},"_links":{"self":[{"href":"https:\/\/www.europesays.com\/pt\/wp-json\/wp\/v2\/posts\/205279","targetHints":{"allow":["GET"]}}],"collection":[{"href":"https:\/\/www.europesays.com\/pt\/wp-json\/wp\/v2\/posts"}],"about":[{"href":"https:\/\/www.europesays.com\/pt\/wp-json\/wp\/v2\/types\/post"}],"author":[{"embeddable":true,"href":"https:\/\/www.europesays.com\/pt\/wp-json\/wp\/v2\/users\/2"}],"replies":[{"embeddable":true,"href":"https:\/\/www.europesays.com\/pt\/wp-json\/wp\/v2\/comments?post=205279"}],"version-history":[{"count":0,"href":"https:\/\/www.europesays.com\/pt\/wp-json\/wp\/v2\/posts\/205279\/revisions"}],"wp:featuredmedia":[{"embeddable":true,"href":"https:\/\/www.europesays.com\/pt\/wp-json\/wp\/v2\/media\/205280"}],"wp:attachment":[{"href":"https:\/\/www.europesays.com\/pt\/wp-json\/wp\/v2\/media?parent=205279"}],"wp:term":[{"taxonomy":"category","embeddable":true,"href":"https:\/\/www.europesays.com\/pt\/wp-json\/wp\/v2\/categories?post=205279"},{"taxonomy":"post_tag","embeddable":true,"href":"https:\/\/www.europesays.com\/pt\/wp-json\/wp\/v2\/tags?post=205279"}],"curies":[{"name":"wp","href":"https:\/\/api.w.org\/{rel}","templated":true}]}}