{"id":205312,"date":"2025-12-28T02:12:18","date_gmt":"2025-12-28T02:12:18","guid":{"rendered":"https:\/\/www.europesays.com\/pt\/205312\/"},"modified":"2025-12-28T02:12:18","modified_gmt":"2025-12-28T02:12:18","slug":"tailandia-e-camboja-assinam-novo-acordo-de-cessar-fogo","status":"publish","type":"post","link":"https:\/\/www.europesays.com\/pt\/205312\/","title":{"rendered":"Tail\u00e2ndia e Camboja assinam novo acordo de cessar-fogo"},"content":{"rendered":"<p>            <img data-recalc-dims=\"1\" fetchpriority=\"high\" decoding=\"async\" aria-describedby=\"caption-attachment-613729\" class=\"wp-image-613729 size-full\" src=\"https:\/\/www.europesays.com\/pt\/wp-content\/uploads\/2025\/12\/cessarfogo_na_fronteira_entre_tailandia_e_camboja_busca_por_fim_a_crise_destaque.jpg\" alt=\"cessarfogo na fronteira entre tailandia e camboja busca por fim a crise destaque\" width=\"1000\" height=\"524\" title=\"Tail\u00e2ndia e Camboja assinam novo acordo de cessar-fogo 1\"  \/><\/p>\n<p id=\"caption-attachment-613729\" class=\"wp-caption-text\">Novo cessar-fogo \u00e9 assinado por Tail\u00e2ndia e Camboja em meio a conflitos fronteiri\u00e7os (banco de imagens)<\/p>\n<p>A <strong>Tail\u00e2ndia e o Camboja<\/strong> assinaram um <strong>acordo de cessar-fogo<\/strong> imediato, em uma tentativa de p\u00f4r fim a semanas de intensos confrontos na fronteira.<\/p>\n<p>Publicidade<\/p>\n<p><a class=\"parceiro\" rel=\"noopener nofollow\" target=\"_blank\" href=\"https:\/\/jobsonline.jp\/ut-suri-emu-montadora\/\" title=\"Empregos est\u00e1veis no Jap\u00e3o - UT SURI-EMU\" data-parceiro=\"22\" data-nome=\"UT SURI-EMU\" data-zona=\"in_content\"><img data-recalc-dims=\"1\" class=\"img-fluid parceiro-in_content\" src=\"https:\/\/www.europesays.com\/pt\/wp-content\/uploads\/2025\/12\/suri-emu-hamura.jpg\" alt=\"Empregos est\u00e1veis no Jap\u00e3o - UT SURI-EMU\" decoding=\"async\" loading=\"lazy\" fetchpriority=\"auto\" width=\"600\" height=\"340\" title=\"Tail\u00e2ndia e Camboja assinam novo acordo de cessar-fogo 2\"\/><\/a><\/p>\n<p>O <strong>pacto<\/strong>, que entrou em vigor no s\u00e1bado (27) ao meio-dia, hor\u00e1rio local, <strong>foi firmado<\/strong> pelos ministros da Defesa dos dois pa\u00edses.<\/p>\n<p>Os confrontos, que eclodiram em julho e foram reacendidos no in\u00edcio de dezembro, causaram um impacto devastador. Cerca de <strong>50 pessoas, incluindo civis, foram mortas<\/strong> e mais de <strong>700 mil foram deslocadas<\/strong> em ambos os lados na mais recente onda de viol\u00eancia.<\/p>\n<p>Artigos relacionados<a href=\"#\" rel=\"noopener\" target=\"_blank\" class=\"pm-link-sociais small d-inline-block px-3 py-2 w-100 text-center mb-2 border rounded text-decoration-none border-primary\" data-links=\"[{&quot;nome&quot;:&quot;Portal Mie no WhatsApp&quot;,&quot;url&quot;:&quot;https:\\\/\\\/www.whatsapp.com\\\/channel\\\/0029Vb6UC1g6BIEqcCwBzw3A&quot;,&quot;app&quot;:&quot;https:\\\/\\\/whatsapp.com\\\/channel\\\/0029Vb6UC1g6BIEqcCwBzw3A&quot;,&quot;icone&quot;:&quot;icon-whatsapp&quot;},{&quot;nome&quot;:&quot;Portal Mie no YouTube&quot;,&quot;url&quot;:&quot;https:\\\/\\\/www.youtube.com\\\/@PortalMieJapan&quot;,&quot;app&quot;:&quot;youtube:\\\/\\\/www.youtube.com\\\/@PortalMieJapan&quot;,&quot;icone&quot;:&quot;icon-youtube&quot;},{&quot;nome&quot;:&quot;Portal Mie no Instagram&quot;,&quot;url&quot;:&quot;https:\\\/\\\/www.instagram.com\\\/portalmie&quot;,&quot;app&quot;:&quot;instagram:\\\/\\\/user?username=portalmie&quot;,&quot;icone&quot;:&quot;icon-instagram&quot;},{&quot;nome&quot;:&quot;Portal Mie no Facebook&quot;,&quot;url&quot;:&quot;https:\\\/\\\/www.facebook.com\\\/portalmiejapao&quot;,&quot;app&quot;:&quot;fb:\\\/\\\/page\\\/portalmiejapao&quot;,&quot;icone&quot;:&quot;icon-facebook&quot;},{&quot;nome&quot;:&quot;Baixe o APP do Portal Mie!&quot;,&quot;url&quot;:&quot;https:\\\/\\\/portalmie.com\\\/agora-o-portal-mie-tem-aplicativo\\\/&quot;,&quot;app&quot;:&quot;https:\\\/\\\/portalmie.com\\\/agora-o-portal-mie-tem-aplicativo\\\/&quot;,&quot;icone&quot;:&quot;icon-user-check&quot;}]\"> Acompanhe o Portal Mie \u2192<\/a><br \/>\nTermos de acordo e media\u00e7\u00e3o internacional<\/p>\n<p>A declara\u00e7\u00e3o conjunta afirma que o cessar-fogo <strong>se aplica a todos os ataques<\/strong>, incluindo aqueles contra civis e alvos militares. Ela tamb\u00e9m estabelece que ambos os lados proceder\u00e3o com a <strong>limpeza de minas terrestres<\/strong> perto da fronteira.<\/p>\n<p>Al\u00e9m disso , a declara\u00e7\u00e3o prev\u00ea que soldados cambojanos detidos pelo lado tailand\u00eas ser\u00e3o libertados se o cessar-fogo for mantido por 72 horas.<\/p>\n<p>O presidente dos EUA,<strong> Donald Trump<\/strong>, que mediou um acordo de paz em outubro, tem feito apelos por um cessar-fogo em conversas telef\u00f4nicas com os primeiros-ministros dos dois pa\u00edses.<\/p>\n<p>Enquanto os moradores que foram for\u00e7ados a evacuar exigem cada vez mais paz, o Minist\u00e9rio da Defesa do Camboja declarou que as for\u00e7as tailandesas realizaram um ataque na manh\u00e3 de s\u00e1bado, levantando <strong>quest\u00f5es sobre a durabilidade da tr\u00e9gua<\/strong>.<\/p>\n<p>Fonte: NHK<br \/>\n          <script async src=\"\/\/www.instagram.com\/embed.js\"><\/script><\/p>\n","protected":false},"excerpt":{"rendered":"Novo cessar-fogo \u00e9 assinado por Tail\u00e2ndia e Camboja em meio a conflitos fronteiri\u00e7os (banco de imagens) A Tail\u00e2ndia&hellip;\n","protected":false},"author":2,"featured_media":205313,"comment_status":"","ping_status":"","sticky":false,"template":"","format":"standard","meta":{"footnotes":""},"categories":[50],"tags":[27,28,15,16,14,25,26,21,22,62,12,13,19,20,23,24,17,18,29,30,31,63,64,65],"class_list":{"0":"post-205312","1":"post","2":"type-post","3":"status-publish","4":"format-standard","5":"has-post-thumbnail","7":"category-mundo","8":"tag-breaking-news","9":"tag-breakingnews","10":"tag-featured-news","11":"tag-featurednews","12":"tag-headlines","13":"tag-latest-news","14":"tag-latestnews","15":"tag-main-news","16":"tag-mainnews","17":"tag-mundo","18":"tag-news","19":"tag-noticias","20":"tag-noticias-principais","21":"tag-noticiasprincipais","22":"tag-principais-noticias","23":"tag-principaisnoticias","24":"tag-top-stories","25":"tag-topstories","26":"tag-ultimas","27":"tag-ultimas-noticias","28":"tag-ultimasnoticias","29":"tag-world","30":"tag-world-news","31":"tag-worldnews"},"share_on_mastodon":{"url":"https:\/\/pubeurope.com\/@pt\/115794775295417237","error":""},"_links":{"self":[{"href":"https:\/\/www.europesays.com\/pt\/wp-json\/wp\/v2\/posts\/205312","targetHints":{"allow":["GET"]}}],"collection":[{"href":"https:\/\/www.europesays.com\/pt\/wp-json\/wp\/v2\/posts"}],"about":[{"href":"https:\/\/www.europesays.com\/pt\/wp-json\/wp\/v2\/types\/post"}],"author":[{"embeddable":true,"href":"https:\/\/www.europesays.com\/pt\/wp-json\/wp\/v2\/users\/2"}],"replies":[{"embeddable":true,"href":"https:\/\/www.europesays.com\/pt\/wp-json\/wp\/v2\/comments?post=205312"}],"version-history":[{"count":0,"href":"https:\/\/www.europesays.com\/pt\/wp-json\/wp\/v2\/posts\/205312\/revisions"}],"wp:featuredmedia":[{"embeddable":true,"href":"https:\/\/www.europesays.com\/pt\/wp-json\/wp\/v2\/media\/205313"}],"wp:attachment":[{"href":"https:\/\/www.europesays.com\/pt\/wp-json\/wp\/v2\/media?parent=205312"}],"wp:term":[{"taxonomy":"category","embeddable":true,"href":"https:\/\/www.europesays.com\/pt\/wp-json\/wp\/v2\/categories?post=205312"},{"taxonomy":"post_tag","embeddable":true,"href":"https:\/\/www.europesays.com\/pt\/wp-json\/wp\/v2\/tags?post=205312"}],"curies":[{"name":"wp","href":"https:\/\/api.w.org\/{rel}","templated":true}]}}