{"id":205314,"date":"2025-12-28T02:16:33","date_gmt":"2025-12-28T02:16:33","guid":{"rendered":"https:\/\/www.europesays.com\/pt\/205314\/"},"modified":"2025-12-28T02:16:33","modified_gmt":"2025-12-28T02:16:33","slug":"os-numeros-das-eleicoes-presidenciais","status":"publish","type":"post","link":"https:\/\/www.europesays.com\/pt\/205314\/","title":{"rendered":"Os n\u00fameros das elei\u00e7\u00f5es presidenciais"},"content":{"rendered":"<p><strong>3<\/strong> \u2013 candidatos n\u00e3o admitidos pelo Tribunal Constitucional: Joana Amaral Dias, Jos\u00e9 Cardoso e Ricardo Sousa.<\/p>\n<p><strong>4,99<\/strong> \u2013 valor m\u00ednimo da multa (em euros) para quem praticar a\u00e7\u00f5es de propaganda nas assembleias de voto ou nas suas imedia\u00e7\u00f5es, at\u00e9 500 metros, no dia da elei\u00e7\u00e3o. O montante m\u00e1ximo \u00e9 de <strong>49,88 euros<\/strong>.<\/p>\n<p><strong>11<\/strong> \u2013 data em que os eleitores recenseados no territ\u00f3rio nacional podem votar antecipadamente em mobilidade, uma semana antes das elei\u00e7\u00f5es (11 de janeiro).<\/p>\n<p><strong>11<\/strong> \u2013 n\u00famero de candidatos admitidos pelo Tribunal Constitucional: Andr\u00e9 Pestana, Andr\u00e9 Ventura, Ant\u00f3nio Filipe, Ant\u00f3nio Jos\u00e9 Seguro, Catarina Martins, Henrique Gouveia e Melo, Humberto Correia, Jo\u00e3o Cotrim Figueiredo, Jorge Pinto, Lu\u00eds Marques Mendes e Manuel Jo\u00e3o Vieira.<\/p>\n<p><strong>12<\/strong> \u2013 n\u00famero de vezes (incluindo as duas voltas das elei\u00e7\u00f5es de 1986) em que os portugueses s\u00e3o chamados, desde 1976, a escolher o Presidente da Rep\u00fablica em democracia.<\/p>\n<p><strong>28<\/strong> \u2013 debates televisivos entre os principais candidatos presidenciais, num modelo de frente a frente que op\u00f4s Andr\u00e9 Ventura, Ant\u00f3nio Filipe, Ant\u00f3nio Jos\u00e9 Seguro, Catarina Martins, Henrique Gouveia e Melo, Jo\u00e3o Cotrim Figueiredo, Jorge Pinto e Lu\u00eds Marques Mendes.<\/p>\n<p><strong>38<\/strong> \u2013 idade do candidato mais novo, Jorge Pinto. A lei exige que os concorrentes a Bel\u00e9m tenham mais de 35 anos.<\/p>\n<p><strong>45<\/strong> \u2013 n\u00famero de cidad\u00e3os registados no portal de candidaturas do Minist\u00e9rio da Administra\u00e7\u00e3o Interna at\u00e9 18 de dezembro, data-limite para a apresenta\u00e7\u00e3o de candidaturas junto do Tribunal Constitucional.<\/p>\n<p><strong>60,76<\/strong> \u2013 percentagem de absten\u00e7\u00e3o registada nas anteriores elei\u00e7\u00f5es presidenciais, a mais elevada de sempre numa elei\u00e7\u00e3o para Presidente da Rep\u00fablica.<\/p>\n<p><strong>68<\/strong> \u2013 idade do candidato mais velho, Lu\u00eds Marques Mendes.<\/p>\n<p><strong>2.612,50<\/strong> \u2013 valor m\u00ednimo (em euros) da coima aplic\u00e1vel a mandat\u00e1rios financeiros e candidatos que n\u00e3o prestem contas da campanha eleitoral. A multa pode ir at\u00e9 <strong>41.800 euros<\/strong>.<\/p>\n<p><strong>7.500<\/strong> \u2013 n\u00famero m\u00ednimo de assinaturas exigidas para a valida\u00e7\u00e3o de uma candidatura. Cada declara\u00e7\u00e3o pode ser subscrita por um m\u00e1ximo de <strong>15.000 eleitores proponentes<\/strong>.<\/p>\n<p><strong>31.350<\/strong> \u2013 limite m\u00e1ximo (em euros) de donativos por pessoa singular para a campanha de um candidato.<\/p>\n<p><strong>4.180.000<\/strong> \u2013 limite m\u00e1ximo admiss\u00edvel de despesas de campanha por candidato (em euros). Em caso de segunda volta, acresce <strong>1.045.000 euros<\/strong>.<\/p>\n<p><strong>10.967.369<\/strong> \u2013 eleitores recenseados, mais <strong>103.042<\/strong> do que nas elei\u00e7\u00f5es presidenciais de 2021.<\/p>\n","protected":false},"excerpt":{"rendered":"3 \u2013 candidatos n\u00e3o admitidos pelo Tribunal Constitucional: Joana Amaral Dias, Jos\u00e9 Cardoso e Ricardo Sousa. 4,99 \u2013&hellip;\n","protected":false},"author":2,"featured_media":205315,"comment_status":"","ping_status":"","sticky":false,"template":"","format":"standard","meta":{"footnotes":""},"categories":[8],"tags":[27,28,15,16,14,25,26,21,22,12,13,19,20,32,23,24,33,17,18,29,30,31],"class_list":{"0":"post-205314","1":"post","2":"type-post","3":"status-publish","4":"format-standard","5":"has-post-thumbnail","7":"category-principais-noticias","8":"tag-breaking-news","9":"tag-breakingnews","10":"tag-featured-news","11":"tag-featurednews","12":"tag-headlines","13":"tag-latest-news","14":"tag-latestnews","15":"tag-main-news","16":"tag-mainnews","17":"tag-news","18":"tag-noticias","19":"tag-noticias-principais","20":"tag-noticiasprincipais","21":"tag-portugal","22":"tag-principais-noticias","23":"tag-principaisnoticias","24":"tag-pt","25":"tag-top-stories","26":"tag-topstories","27":"tag-ultimas","28":"tag-ultimas-noticias","29":"tag-ultimasnoticias"},"share_on_mastodon":{"url":"https:\/\/pubeurope.com\/@pt\/115794790746418188","error":""},"_links":{"self":[{"href":"https:\/\/www.europesays.com\/pt\/wp-json\/wp\/v2\/posts\/205314","targetHints":{"allow":["GET"]}}],"collection":[{"href":"https:\/\/www.europesays.com\/pt\/wp-json\/wp\/v2\/posts"}],"about":[{"href":"https:\/\/www.europesays.com\/pt\/wp-json\/wp\/v2\/types\/post"}],"author":[{"embeddable":true,"href":"https:\/\/www.europesays.com\/pt\/wp-json\/wp\/v2\/users\/2"}],"replies":[{"embeddable":true,"href":"https:\/\/www.europesays.com\/pt\/wp-json\/wp\/v2\/comments?post=205314"}],"version-history":[{"count":0,"href":"https:\/\/www.europesays.com\/pt\/wp-json\/wp\/v2\/posts\/205314\/revisions"}],"wp:featuredmedia":[{"embeddable":true,"href":"https:\/\/www.europesays.com\/pt\/wp-json\/wp\/v2\/media\/205315"}],"wp:attachment":[{"href":"https:\/\/www.europesays.com\/pt\/wp-json\/wp\/v2\/media?parent=205314"}],"wp:term":[{"taxonomy":"category","embeddable":true,"href":"https:\/\/www.europesays.com\/pt\/wp-json\/wp\/v2\/categories?post=205314"},{"taxonomy":"post_tag","embeddable":true,"href":"https:\/\/www.europesays.com\/pt\/wp-json\/wp\/v2\/tags?post=205314"}],"curies":[{"name":"wp","href":"https:\/\/api.w.org\/{rel}","templated":true}]}}