{"id":205317,"date":"2025-12-28T02:20:22","date_gmt":"2025-12-28T02:20:22","guid":{"rendered":"https:\/\/www.europesays.com\/pt\/205317\/"},"modified":"2025-12-28T02:20:22","modified_gmt":"2025-12-28T02:20:22","slug":"liliana-ataca-marisa-e-pedro-e-o-clima-azeda-nao-vinhas-para-aqui-com-um-namorado-secret-story","status":"publish","type":"post","link":"https:\/\/www.europesays.com\/pt\/205317\/","title":{"rendered":"Liliana ataca Marisa e Pedro e o clima azeda: \u00abN\u00e3o vinhas para aqui com um namorado?\u00bb &#8211; Secret Story"},"content":{"rendered":"<p>No Secret Story 9, os concorrentes foram desafiados a escrever para os colegas aquilo que nunca disseram. Veja o que disseram a respeito de Marisa e Pedro&#8230; e a rea\u00e7\u00e3o dos dois.<\/p>\n<p>Vote para salvar o seu concorrente preferido. E pode faz\u00ea-lo quer atrav\u00e9s das linhas telef\u00f3nicas, quer atrav\u00e9s da APP do TVI reality:\u00a0<\/p>\n<p>Pedro &#8211; 761 20 20 18<br \/>Leandro &#8211; 761 20 20 12<br \/>In\u00eas &#8211; 761 20 20 10<\/p>\n<p><a href=\"https:\/\/tvi.iol.pt\/secretstory\/aominuto\" rel=\"nofollow noopener\" target=\"_blank\">Veja aqui tudo o que se passa na casa do Secret Story 9<\/a><\/p>\n","protected":false},"excerpt":{"rendered":"No Secret Story 9, os concorrentes foram desafiados a escrever para os colegas aquilo que nunca disseram. Veja&hellip;\n","protected":false},"author":2,"featured_media":205318,"comment_status":"","ping_status":"","sticky":false,"template":"","format":"standard","meta":{"footnotes":""},"categories":[142],"tags":[19374,19373,114,115,19016,19184,14646,19375,32,33,151],"class_list":{"0":"post-205317","1":"post","2":"type-post","3":"status-publish","4":"format-standard","5":"has-post-thumbnail","7":"category-tv","8":"tag-confrontos-concorrentes","9":"tag-discussoes-secret-story","10":"tag-entertainment","11":"tag-entretenimento","12":"tag-liliana","13":"tag-marisa","14":"tag-pedro","15":"tag-polemicas","16":"tag-portugal","17":"tag-pt","18":"tag-tv"},"share_on_mastodon":{"url":"https:\/\/pubeurope.com\/@pt\/115794806284508193","error":""},"_links":{"self":[{"href":"https:\/\/www.europesays.com\/pt\/wp-json\/wp\/v2\/posts\/205317","targetHints":{"allow":["GET"]}}],"collection":[{"href":"https:\/\/www.europesays.com\/pt\/wp-json\/wp\/v2\/posts"}],"about":[{"href":"https:\/\/www.europesays.com\/pt\/wp-json\/wp\/v2\/types\/post"}],"author":[{"embeddable":true,"href":"https:\/\/www.europesays.com\/pt\/wp-json\/wp\/v2\/users\/2"}],"replies":[{"embeddable":true,"href":"https:\/\/www.europesays.com\/pt\/wp-json\/wp\/v2\/comments?post=205317"}],"version-history":[{"count":0,"href":"https:\/\/www.europesays.com\/pt\/wp-json\/wp\/v2\/posts\/205317\/revisions"}],"wp:featuredmedia":[{"embeddable":true,"href":"https:\/\/www.europesays.com\/pt\/wp-json\/wp\/v2\/media\/205318"}],"wp:attachment":[{"href":"https:\/\/www.europesays.com\/pt\/wp-json\/wp\/v2\/media?parent=205317"}],"wp:term":[{"taxonomy":"category","embeddable":true,"href":"https:\/\/www.europesays.com\/pt\/wp-json\/wp\/v2\/categories?post=205317"},{"taxonomy":"post_tag","embeddable":true,"href":"https:\/\/www.europesays.com\/pt\/wp-json\/wp\/v2\/tags?post=205317"}],"curies":[{"name":"wp","href":"https:\/\/api.w.org\/{rel}","templated":true}]}}