{"id":205323,"date":"2025-12-28T02:32:28","date_gmt":"2025-12-28T02:32:28","guid":{"rendered":"https:\/\/www.europesays.com\/pt\/205323\/"},"modified":"2025-12-28T02:32:28","modified_gmt":"2025-12-28T02:32:28","slug":"sporting-alerta-para-condicionamentos-de-circulacao-para-o-jogo-com-o-rio-ave-sporting","status":"publish","type":"post","link":"https:\/\/www.europesays.com\/pt\/205323\/","title":{"rendered":"Sporting alerta para condicionamentos de circula\u00e7\u00e3o para o jogo com o Rio Ave &#8211; Sporting"},"content":{"rendered":"<p>                    26 dezembro 2025 &#8211; 15:01<\/p>\n<p>Obras nos edif\u00edcios adjacentes ao Alval\u00e1xia v\u00e3o afetar os adeptos que utilizam as portas 3,4 e 5<\/p>\n<p>    &#13;<br \/>\n            &#13;<br \/>\n                &#13;<\/p>\n<p>                        &#13;<\/p>\n<p href=\"https:\/\/www.record.pt\/futebol\/futebol-nacional\/liga-betclic\/sporting\/detalhe\/javascript:void(0)\" title=\"Jo\u00e3o Soares Ribeiro\" class=\"name\">Jo\u00e3o Soares Ribeiro<\/p>\n<p>&#13;<br \/>\n                            Reda\u00e7\u00e3o&#13;<\/p>\n<p>                    &#13;<br \/>\n                &#13;<br \/>\n                &#13;<br \/>\n            &#13;<\/p>\n<p class=\"\">&#13;<br \/>\n        O Sporting, tal como j\u00e1 sucedeu para o encontro com o AVS SAD, avisa os seus s\u00f3cios que devido \u00e0s obras nos edif\u00edcios adjacentes a circula\u00e7\u00e3o junto ao Alval\u00e1xia estar\u00e1 condicionada tendo em vista o jogo com o Rio Ave, agendado para domingo, \u00e0s 20h30.&#13;\n    <\/p>\n<p class=\"\">&#13;<br \/>\n        Os espectadores que t\u00eam de utilizar as portas 3, 4 e 5, no final da partida, dever\u00e3o sair para a esquerda na dire\u00e7\u00e3o da Rotunda do Le\u00e3o e do Multidesportivo para melhorar a circula\u00e7\u00e3o e, desta forma, evitarem grandes aglomera\u00e7\u00f5es junto \u00e0 entrada do Alval\u00e1xia.&#13;\n    <\/p>\n<p>                    &#13;<\/p>\n<p>                            <img class=\"img-fluid b-lazy\"\/><br \/>\n                        &#13;<br \/>\n                        &#13;<\/p>\n<p>                    Acessos condicionados junto ao Est\u00e1dio Jos\u00e9 Alvalade no jogo com o Rio Ave<\/p>\n<p>                            &#13;<br \/>\n                                &#13;<\/p>\n<p>                                <img id=\"drag_2408762\" class=\"img-fluid b-lazy\"\/><\/p>\n","protected":false},"excerpt":{"rendered":"26 dezembro 2025 &#8211; 15:01 Obras nos edif\u00edcios adjacentes ao Alval\u00e1xia v\u00e3o afetar os adeptos que utilizam as&hellip;\n","protected":false},"author":2,"featured_media":205324,"comment_status":"","ping_status":"","sticky":false,"template":"","format":"standard","meta":{"footnotes":""},"categories":[8],"tags":[27,28,15,16,14,25,26,21,22,12,13,19,20,32,23,24,33,17,18,29,30,31],"class_list":{"0":"post-205323","1":"post","2":"type-post","3":"status-publish","4":"format-standard","5":"has-post-thumbnail","7":"category-principais-noticias","8":"tag-breaking-news","9":"tag-breakingnews","10":"tag-featured-news","11":"tag-featurednews","12":"tag-headlines","13":"tag-latest-news","14":"tag-latestnews","15":"tag-main-news","16":"tag-mainnews","17":"tag-news","18":"tag-noticias","19":"tag-noticias-principais","20":"tag-noticiasprincipais","21":"tag-portugal","22":"tag-principais-noticias","23":"tag-principaisnoticias","24":"tag-pt","25":"tag-top-stories","26":"tag-topstories","27":"tag-ultimas","28":"tag-ultimas-noticias","29":"tag-ultimasnoticias"},"share_on_mastodon":{"url":"https:\/\/pubeurope.com\/@pt\/115794853532096663","error":""},"_links":{"self":[{"href":"https:\/\/www.europesays.com\/pt\/wp-json\/wp\/v2\/posts\/205323","targetHints":{"allow":["GET"]}}],"collection":[{"href":"https:\/\/www.europesays.com\/pt\/wp-json\/wp\/v2\/posts"}],"about":[{"href":"https:\/\/www.europesays.com\/pt\/wp-json\/wp\/v2\/types\/post"}],"author":[{"embeddable":true,"href":"https:\/\/www.europesays.com\/pt\/wp-json\/wp\/v2\/users\/2"}],"replies":[{"embeddable":true,"href":"https:\/\/www.europesays.com\/pt\/wp-json\/wp\/v2\/comments?post=205323"}],"version-history":[{"count":0,"href":"https:\/\/www.europesays.com\/pt\/wp-json\/wp\/v2\/posts\/205323\/revisions"}],"wp:featuredmedia":[{"embeddable":true,"href":"https:\/\/www.europesays.com\/pt\/wp-json\/wp\/v2\/media\/205324"}],"wp:attachment":[{"href":"https:\/\/www.europesays.com\/pt\/wp-json\/wp\/v2\/media?parent=205323"}],"wp:term":[{"taxonomy":"category","embeddable":true,"href":"https:\/\/www.europesays.com\/pt\/wp-json\/wp\/v2\/categories?post=205323"},{"taxonomy":"post_tag","embeddable":true,"href":"https:\/\/www.europesays.com\/pt\/wp-json\/wp\/v2\/tags?post=205323"}],"curies":[{"name":"wp","href":"https:\/\/api.w.org\/{rel}","templated":true}]}}