{"id":205361,"date":"2025-12-28T03:24:42","date_gmt":"2025-12-28T03:24:42","guid":{"rendered":"https:\/\/www.europesays.com\/pt\/205361\/"},"modified":"2025-12-28T03:24:42","modified_gmt":"2025-12-28T03:24:42","slug":"apos-oito-anos-e-ao-lado-de-companhia-especial-luciana-abreu-assume-aconselharam-me-uma-despedida","status":"publish","type":"post","link":"https:\/\/www.europesays.com\/pt\/205361\/","title":{"rendered":"Ap\u00f3s oito anos e ao lado de companhia especial, Luciana Abreu assume: &#8220;Aconselharam-me uma despedida&#8221;"},"content":{"rendered":"<p>Esta semana foi de festa para <a href=\"https:\/\/selfie.iol.pt\/famosos\/luciana-abreu\/luciana-abreu-mostra-se-no-hospital-entrada-triunfal-na-urgencia-da-pediatria\/20251219\/69456cffd34e3caad84c9a22\" target=\"_blank\" rel=\"nofollow noopener\">Luciana Abreu<\/a>, que celebrou o oitavo anivers\u00e1rio das filhas g\u00e9meas, Amoor e Valentine.<\/p>\n<p>No Instagram, a artista assinalou a data especial com a partilha de uma s\u00e9rie de fotografias que regista o crescimento das crian\u00e7as, mostrando-se ao lado das mesmas.<\/p>\n<p>&#8220;Parab\u00e9ns, meus amores. H\u00e1 oito anos, aconselharam-me uma despedida, um \u00faltimo olhar\u2026 um adeus, mas o poder divino \u00e9 inabal\u00e1vel\u2026&#8221;, garantiu Luciana Abreu na legenda das imagens.<\/p>\n<p>De seguida, a m\u00e3e babada enalteceu: &#8220;E aqui est\u00e3o as minhas g\u00e9meas guerreiras, cheias de amor e alegria. Obrigada a toda a equipa que nos ajudou e obrigada, meu Deus, por me acompanhares sempre.&#8221;<\/p>\n<p><a href=\"https:\/\/selfie.iol.pt\/nacional\/instagram\/luciana-abreu-partilha-imagens-comoventes-das-gemeas-prematuras-e-deixa-mensagem-especial\" target=\"_blank\" rel=\"nofollow noopener\">Recorde-se que Amoor e Valentine s\u00e3o g\u00e9meas prematuras.<\/a><\/p>\n<p>Veja, agora, as imagens partilhadas por Luciana Abreu na galeria de fotografias que prepar\u00e1mos para si.<\/p>\n","protected":false},"excerpt":{"rendered":"Esta semana foi de festa para Luciana Abreu, que celebrou o oitavo anivers\u00e1rio das filhas g\u00e9meas, Amoor e&hellip;\n","protected":false},"author":2,"featured_media":205362,"comment_status":"","ping_status":"","sticky":false,"template":"","format":"standard","meta":{"footnotes":""},"categories":[85],"tags":[114,115,981,980,1870,1015,2215,619,40562,32,33,1012],"class_list":{"0":"post-205361","1":"post","2":"type-post","3":"status-publish","4":"format-standard","5":"has-post-thumbnail","7":"category-entretenimento","8":"tag-entertainment","9":"tag-entretenimento","10":"tag-familia","11":"tag-famosos","12":"tag-filhos","13":"tag-instagram","14":"tag-luciana-abreu","15":"tag-nacional","16":"tag-outros-canais","17":"tag-portugal","18":"tag-pt","19":"tag-selfie"},"share_on_mastodon":{"url":"https:\/\/pubeurope.com\/@pt\/115795057852969599","error":""},"_links":{"self":[{"href":"https:\/\/www.europesays.com\/pt\/wp-json\/wp\/v2\/posts\/205361","targetHints":{"allow":["GET"]}}],"collection":[{"href":"https:\/\/www.europesays.com\/pt\/wp-json\/wp\/v2\/posts"}],"about":[{"href":"https:\/\/www.europesays.com\/pt\/wp-json\/wp\/v2\/types\/post"}],"author":[{"embeddable":true,"href":"https:\/\/www.europesays.com\/pt\/wp-json\/wp\/v2\/users\/2"}],"replies":[{"embeddable":true,"href":"https:\/\/www.europesays.com\/pt\/wp-json\/wp\/v2\/comments?post=205361"}],"version-history":[{"count":0,"href":"https:\/\/www.europesays.com\/pt\/wp-json\/wp\/v2\/posts\/205361\/revisions"}],"wp:featuredmedia":[{"embeddable":true,"href":"https:\/\/www.europesays.com\/pt\/wp-json\/wp\/v2\/media\/205362"}],"wp:attachment":[{"href":"https:\/\/www.europesays.com\/pt\/wp-json\/wp\/v2\/media?parent=205361"}],"wp:term":[{"taxonomy":"category","embeddable":true,"href":"https:\/\/www.europesays.com\/pt\/wp-json\/wp\/v2\/categories?post=205361"},{"taxonomy":"post_tag","embeddable":true,"href":"https:\/\/www.europesays.com\/pt\/wp-json\/wp\/v2\/tags?post=205361"}],"curies":[{"name":"wp","href":"https:\/\/api.w.org\/{rel}","templated":true}]}}