{"id":205410,"date":"2025-12-28T04:33:21","date_gmt":"2025-12-28T04:33:21","guid":{"rendered":"https:\/\/www.europesays.com\/pt\/205410\/"},"modified":"2025-12-28T04:33:21","modified_gmt":"2025-12-28T04:33:21","slug":"ja-sao-conhecidas-as-datas-e-local-do-estagio-em-janeiro","status":"publish","type":"post","link":"https:\/\/www.europesays.com\/pt\/205410\/","title":{"rendered":"J\u00e1 s\u00e3o conhecidas as datas e local do est\u00e1gio em janeiro"},"content":{"rendered":"<p>&#8211; Advertisement &#8211;<\/p>\n<p>O FC Porto vai ter um est\u00e1gio na Quinta do Lago (Loul\u00e9) entre dia 6 e 9 de janeiro. A garantia \u00e9 dada pelo jornal A Bola, que indica ainda possibilidade de haver um jogo de prepara\u00e7\u00e3o para o \u00faltimo dia da concentra\u00e7\u00e3o dos drag\u00f5es.<\/p>\n<p>Neste est\u00e1gio, <a href=\"https:\/\/bolanarede.pt\/especial-bola-na-rede\/atualidade\/as-primeiras-palavras-de-thiago-silva-no-fc-porto-estou-feliz-e-motivado-por-esta-oportunidade\/\" target=\"_blank\" rel=\"noreferrer noopener nofollow\">Thiago Silva, primeiro refor\u00e7o de inverno do FC Porto<\/a>, estar\u00e1 presente. Deste modo, os drag\u00f5es viajar\u00e3o para o Algarve depois do jogo frente ao Santa Clara para a jornada 17 da Primeira Liga. <\/p>\n<p>O FC Porto aproveita assim o facto de ter 10 dias em janeiro sem jogos oficiais: entre o fim da primeira volta (Santa Clara para a Liga, 4 de janeiro) e o duelo com o Benfica para a Ta\u00e7a de Portugal (dia 14).<\/p>\n","protected":false},"excerpt":{"rendered":"&#8211; Advertisement &#8211; O FC Porto vai ter um est\u00e1gio na Quinta do Lago (Loul\u00e9) entre dia 6&hellip;\n","protected":false},"author":2,"featured_media":205411,"comment_status":"","ping_status":"","sticky":false,"template":"","format":"standard","meta":{"footnotes":""},"categories":[87],"tags":[260,135,478,282,32,479,33,134,39129],"class_list":{"0":"post-205410","1":"post","2":"type-post","3":"status-publish","4":"format-standard","5":"has-post-thumbnail","7":"category-desporto","8":"tag-atualidade","9":"tag-desporto","10":"tag-destaques-bnr","11":"tag-fc-porto","12":"tag-portugal","13":"tag-primeira-liga","14":"tag-pt","15":"tag-sports","16":"tag-thiago-silva"},"share_on_mastodon":{"url":"https:\/\/pubeurope.com\/@pt\/115795329186085041","error":""},"_links":{"self":[{"href":"https:\/\/www.europesays.com\/pt\/wp-json\/wp\/v2\/posts\/205410","targetHints":{"allow":["GET"]}}],"collection":[{"href":"https:\/\/www.europesays.com\/pt\/wp-json\/wp\/v2\/posts"}],"about":[{"href":"https:\/\/www.europesays.com\/pt\/wp-json\/wp\/v2\/types\/post"}],"author":[{"embeddable":true,"href":"https:\/\/www.europesays.com\/pt\/wp-json\/wp\/v2\/users\/2"}],"replies":[{"embeddable":true,"href":"https:\/\/www.europesays.com\/pt\/wp-json\/wp\/v2\/comments?post=205410"}],"version-history":[{"count":0,"href":"https:\/\/www.europesays.com\/pt\/wp-json\/wp\/v2\/posts\/205410\/revisions"}],"wp:featuredmedia":[{"embeddable":true,"href":"https:\/\/www.europesays.com\/pt\/wp-json\/wp\/v2\/media\/205411"}],"wp:attachment":[{"href":"https:\/\/www.europesays.com\/pt\/wp-json\/wp\/v2\/media?parent=205410"}],"wp:term":[{"taxonomy":"category","embeddable":true,"href":"https:\/\/www.europesays.com\/pt\/wp-json\/wp\/v2\/categories?post=205410"},{"taxonomy":"post_tag","embeddable":true,"href":"https:\/\/www.europesays.com\/pt\/wp-json\/wp\/v2\/tags?post=205410"}],"curies":[{"name":"wp","href":"https:\/\/api.w.org\/{rel}","templated":true}]}}