{"id":205427,"date":"2025-12-28T05:10:23","date_gmt":"2025-12-28T05:10:23","guid":{"rendered":"https:\/\/www.europesays.com\/pt\/205427\/"},"modified":"2025-12-28T05:10:23","modified_gmt":"2025-12-28T05:10:23","slug":"de-ferias-ana-maria-braga-passa-por-perrengue-nos-eua","status":"publish","type":"post","link":"https:\/\/www.europesays.com\/pt\/205427\/","title":{"rendered":"De f\u00e9rias, Ana Maria Braga passa por perrengue nos EUA"},"content":{"rendered":"<p>De f\u00e9rias do Mais Voc\u00ea, <a href=\"https:\/\/natelinha.uol.com.br\/famosos\/tudo-sobre\/ana-maria-braga\" rel=\"nofollow noopener\" target=\"_blank\">Ana Maria Braga<\/a> recorreu \u00e0s redes sociais neste s\u00e1bado (27) para relatar um perrengue chique. A apresentadora da Globo, que est\u00e1 em Nova York, nos Estados Unidos, foi surpreendida por\u00a0uma nevasca.<\/p>\n<p>continua depois da publicidade<\/p>\n<p>&#8220;Essa noite fomos surpreendidos pela nevasca que estava sendo anunciada aqui em Nova York. A temperatura chegou a &#8211; 4\u00b0 C, com sensa\u00e7\u00e3o t\u00e9rmica de &#8211; 6\u00b0 C. Para a gente, que \u00e9 caipira l\u00e1 do interior, n\u00e3o \u00e9 t\u00e3o f\u00e1cil assim se acostumar, minha senhora. Gela tudo&#8221;, brincou a loira em seu perfil no Instagram.<\/p>\n<p>+ <a href=\"https:\/\/natelinha.uol.com.br\/famosos\/2025\/12\/27\/funcionaria-agradece-virginia-fonseca-apos-realizar-sonho-235781.php\" rel=\"nofollow noopener\" target=\"_blank\">Funcion\u00e1ria agradece Virginia Fonseca ap\u00f3s realizar sonho<\/a><\/p>\n<p>+ <a href=\"https:\/\/natelinha.uol.com.br\/famosos\/2025\/12\/26\/viih-tube-expoe-crise-de-ansiedade-apos-acidente-com-o-filho-235772.php\" rel=\"nofollow noopener\" target=\"_blank\">Viih Tube exp\u00f5e crise de ansiedade ap\u00f3s acidente com o filho<\/a><\/p>\n<p>&#8220;Mas, ao mesmo tempo, a gente se sente crian\u00e7a de novo ao ver de perto uma cena que estamos acostumados a ver s\u00f3 nos filmes. Lindo de ver!&#8221;, completou Ana Maria Braga, que est\u00e1 acompanhada do marido,\u00a0F\u00e1bio Arruda.<\/p>\n<p>continua depois da publicidade<\/p>\n<p>Confira:<\/p>\n<blockquote class=\"instagram-media\" data-instgrm-captioned=\"\" data-instgrm-version=\"7\" style=\"width:100%;\"><p>\n\t\t\t\t\t\t\t\t\t<a href=\"https:\/\/www.instagram.com\/p\/DSxJnRijiWs\/\" rel=\"nofollow noopener\" target=\"_blank\">\n\t\t\t\t\t\t\t\t<\/p><\/blockquote>\n<p>Ana Maria Braga se afasta do Mais Voc\u00ea<\/p>\n<p><img decoding=\"async\" loading=\"lazy\" class=\"horizontal\" src=\"https:\/\/www.europesays.com\/pt\/wp-content\/uploads\/2025\/12\/ana-maria-braga_1217.jpeg\" alt=\"De f\u00e9rias, Ana Maria Braga passa por perrengue nos EUA\"\/><\/p>\n<p>As f\u00e9rias de Ana Maria Braga nos Estados Unidos devem durar mais alguns bons dias. A apresentadora s\u00f3 volta a apresentar o Mais Voc\u00ea no dia 5 de janeiro. At\u00e9 l\u00e1, Tati Machado e Gil do Vigor seguir\u00e3o no comando do programa.<\/p>\n<p>Al\u00e9m da famosa, Louro Man\u00e9 tamb\u00e9m tirou duas semanas de descanso do matinal da Globo. Em outubro,\u00a0atra\u00e7\u00e3o completou 26 anos no ar e ganhou um novo cen\u00e1rio.<\/p>\n<p>                    <script async src=\"\/\/www.instagram.com\/embed.js\"><\/script><\/p>\n","protected":false},"excerpt":{"rendered":"De f\u00e9rias do Mais Voc\u00ea, Ana Maria Braga recorreu \u00e0s redes sociais neste s\u00e1bado (27) para relatar um&hellip;\n","protected":false},"author":2,"featured_media":205428,"comment_status":"","ping_status":"","sticky":false,"template":"","format":"standard","meta":{"footnotes":""},"categories":[145],"tags":[752,211,210,114,115,32,33],"class_list":{"0":"post-205427","1":"post","2":"type-post","3":"status-publish","4":"format-standard","5":"has-post-thumbnail","7":"category-celebridades","8":"tag-ana-maria-braga","9":"tag-celebridades","10":"tag-celebrities","11":"tag-entertainment","12":"tag-entretenimento","13":"tag-portugal","14":"tag-pt"},"share_on_mastodon":{"url":"https:\/\/pubeurope.com\/@pt\/115795475202668754","error":""},"_links":{"self":[{"href":"https:\/\/www.europesays.com\/pt\/wp-json\/wp\/v2\/posts\/205427","targetHints":{"allow":["GET"]}}],"collection":[{"href":"https:\/\/www.europesays.com\/pt\/wp-json\/wp\/v2\/posts"}],"about":[{"href":"https:\/\/www.europesays.com\/pt\/wp-json\/wp\/v2\/types\/post"}],"author":[{"embeddable":true,"href":"https:\/\/www.europesays.com\/pt\/wp-json\/wp\/v2\/users\/2"}],"replies":[{"embeddable":true,"href":"https:\/\/www.europesays.com\/pt\/wp-json\/wp\/v2\/comments?post=205427"}],"version-history":[{"count":0,"href":"https:\/\/www.europesays.com\/pt\/wp-json\/wp\/v2\/posts\/205427\/revisions"}],"wp:featuredmedia":[{"embeddable":true,"href":"https:\/\/www.europesays.com\/pt\/wp-json\/wp\/v2\/media\/205428"}],"wp:attachment":[{"href":"https:\/\/www.europesays.com\/pt\/wp-json\/wp\/v2\/media?parent=205427"}],"wp:term":[{"taxonomy":"category","embeddable":true,"href":"https:\/\/www.europesays.com\/pt\/wp-json\/wp\/v2\/categories?post=205427"},{"taxonomy":"post_tag","embeddable":true,"href":"https:\/\/www.europesays.com\/pt\/wp-json\/wp\/v2\/tags?post=205427"}],"curies":[{"name":"wp","href":"https:\/\/api.w.org\/{rel}","templated":true}]}}