{"id":205440,"date":"2025-12-28T05:39:09","date_gmt":"2025-12-28T05:39:09","guid":{"rendered":"https:\/\/www.europesays.com\/pt\/205440\/"},"modified":"2025-12-28T05:39:09","modified_gmt":"2025-12-28T05:39:09","slug":"cristiano-ronaldo-reencontra-se-com-pessoa-especial-e-surpreende-tudo-e-todos-e-bom-ver-vos-juntos-outra-vez","status":"publish","type":"post","link":"https:\/\/www.europesays.com\/pt\/205440\/","title":{"rendered":"Cristiano Ronaldo reencontra-se com pessoa especial e surpreende tudo e todos: &#8220;\u00c9 bom ver-vos juntos outra vez!&#8221;"},"content":{"rendered":"<p>O Instagram de <a href=\"https:\/\/selfie.iol.pt\/famosos\/nani\/nani-e-pai-pela-terceira-vez-veja-o-retrato-da-familia-completa\/20250205\/67a33e15d34ef72ee441dbfb\" target=\"_blank\" rel=\"nofollow noopener\">Lu\u00eds Nani<\/a> ficou repleto de mensagens, depois de o antigo futebolista ter feito uma visita a <a href=\"https:\/\/selfie.iol.pt\/famosos\/cristiano-ronaldo\/assim-foi-a-consoada-em-casa-de-cristiano-ronaldo-veja-o-video\/20251225\/694d2fd6d34e2bd5c6d58131\" target=\"_blank\" rel=\"nofollow noopener\">Cristiano Ronaldo<\/a>.<\/p>\n<p>&#8220;Hora de visitar velhos amigos&#8221;, escreveu Lu\u00eds Nani na legenda da fotografia, que, em cerca de uma hora, j\u00e1 acumula milhares de &#8220;gostos&#8221;.\u00a0&#8220;\u00c9 bom ver-vos juntos outra vez!&#8221;, l\u00ea-se, por exemplo, na caixa de coment\u00e1rios da publica\u00e7\u00e3o.<\/p>\n<p>Recorde-se que Cristiano Ronaldo e Lu\u00eds Nani jogaram muitas vezes na Sele\u00e7\u00e3o Nacional e at\u00e9 foram campe\u00f5es europeus em 2016.<\/p>\n<p>Veja, agora, a imagem partilhada por Lu\u00eds Nani na galeria de fotografias que prepar\u00e1mos para si.<\/p>\n","protected":false},"excerpt":{"rendered":"O Instagram de Lu\u00eds Nani ficou repleto de mensagens, depois de o antigo futebolista ter feito uma visita&hellip;\n","protected":false},"author":2,"featured_media":205441,"comment_status":"","ping_status":"","sticky":false,"template":"","format":"standard","meta":{"footnotes":""},"categories":[145],"tags":[211,210,667,114,115,980,524,1015,40565,619,32,33,5420,1012],"class_list":{"0":"post-205440","1":"post","2":"type-post","3":"status-publish","4":"format-standard","5":"has-post-thumbnail","7":"category-celebridades","8":"tag-celebridades","9":"tag-celebrities","10":"tag-cristiano-ronaldo","11":"tag-entertainment","12":"tag-entretenimento","13":"tag-famosos","14":"tag-futebol","15":"tag-instagram","16":"tag-luis-nani","17":"tag-nacional","18":"tag-portugal","19":"tag-pt","20":"tag-selecao-nacional","21":"tag-selfie"},"share_on_mastodon":{"url":"https:\/\/pubeurope.com\/@pt\/115795588764588362","error":""},"_links":{"self":[{"href":"https:\/\/www.europesays.com\/pt\/wp-json\/wp\/v2\/posts\/205440","targetHints":{"allow":["GET"]}}],"collection":[{"href":"https:\/\/www.europesays.com\/pt\/wp-json\/wp\/v2\/posts"}],"about":[{"href":"https:\/\/www.europesays.com\/pt\/wp-json\/wp\/v2\/types\/post"}],"author":[{"embeddable":true,"href":"https:\/\/www.europesays.com\/pt\/wp-json\/wp\/v2\/users\/2"}],"replies":[{"embeddable":true,"href":"https:\/\/www.europesays.com\/pt\/wp-json\/wp\/v2\/comments?post=205440"}],"version-history":[{"count":0,"href":"https:\/\/www.europesays.com\/pt\/wp-json\/wp\/v2\/posts\/205440\/revisions"}],"wp:featuredmedia":[{"embeddable":true,"href":"https:\/\/www.europesays.com\/pt\/wp-json\/wp\/v2\/media\/205441"}],"wp:attachment":[{"href":"https:\/\/www.europesays.com\/pt\/wp-json\/wp\/v2\/media?parent=205440"}],"wp:term":[{"taxonomy":"category","embeddable":true,"href":"https:\/\/www.europesays.com\/pt\/wp-json\/wp\/v2\/categories?post=205440"},{"taxonomy":"post_tag","embeddable":true,"href":"https:\/\/www.europesays.com\/pt\/wp-json\/wp\/v2\/tags?post=205440"}],"curies":[{"name":"wp","href":"https:\/\/api.w.org\/{rel}","templated":true}]}}