{"id":205454,"date":"2025-12-28T06:04:10","date_gmt":"2025-12-28T06:04:10","guid":{"rendered":"https:\/\/www.europesays.com\/pt\/205454\/"},"modified":"2025-12-28T06:04:10","modified_gmt":"2025-12-28T06:04:10","slug":"lideres-europeus-garantem-total-apoio-a-ucrania-antes-de-reuniao-com-trump","status":"publish","type":"post","link":"https:\/\/www.europesays.com\/pt\/205454\/","title":{"rendered":"L\u00edderes europeus garantem &#8220;total apoio&#8221; \u00e0 Ucr\u00e2nia antes de reuni\u00e3o com Trump"},"content":{"rendered":"<p>                Durante uma videoconfer\u00eancia entre o chefe de Estado ucraniano e importantes l\u00edderes europeus, o presidente franc\u00eas, Emmanuel Macron, sublinhou que os ataques ilustravam &#8220;o contraste entre a vontade da Ucr\u00e2nia de construir uma paz duradoura e a determina\u00e7\u00e3o da R\u00fassia em prolongar a guerra que come\u00e7ou h\u00e1 quase quatro anos&#8221;.<br \/>\n<b><br \/>&#13;<br \/>\nOs pa\u00edses europeus, o Canad\u00e1, a UE e a NATO asseguraram a Zelensky &#8220;o seu total apoio&#8221; antes das discuss\u00f5es agendadas para o dia seguinte com o presidente dos EUA,<\/b> afirmou o ministro dos Neg\u00f3cios Estrangeiros alem\u00e3o, Friedrich Merz.<\/p>\n<p>Merz afirmou que os esfor\u00e7os dos europeus e do Canad\u00e1 em prol de &#8220;uma paz justa e duradoura na Ucr\u00e2nia&#8221; seriam realizados &#8220;em estreita coordena\u00e7\u00e3o com os Estados Unidos&#8221;.<\/p>\n<p>&#13;<br \/>\n&#8220;Acolhemos com satisfa\u00e7\u00e3o todos os esfor\u00e7os que conduzam ao nosso objetivo comum: uma paz justa e duradoura que preserve a soberania e a integridade territorial da Ucr\u00e2nia&#8221;, acrescentou por seu lado a presidente da Comiss\u00e3o Europeia, Ursula von der Leyen.&#13;\n<\/p>\n<p>&#13;<br \/>\n<b>O presidente do Conselho Europeu, Ant\u00f3nio Costa, prometeu que a Europa &#8220;n\u00e3o ir\u00e1 vacilar&#8221; no seu apoio \u00e0 Ucr\u00e2nia.<\/b>&#13;\n<\/p>\n<p>O ataque marca um novo p\u00e9riplo de Zelensky pelos aliados, incluindo uma desloca\u00e7\u00e3o \u00e0 Florida este domingo, para se reunir mais uma vez com o hom\u00f3logo norte-americano, Donald Trump. <br \/>\nO que vai acontecer em Mar-a-Lago<br \/>\n<b>Volodymyr Zelensky e Donald Trump v\u00e3o discutir uma nova vers\u00e3o do plano americano, apresentado por Washington h\u00e1 quase um m\u00eas<\/b>, na Florida. O presidente ucraniano divulgou a vers\u00e3o revista deste documento esta semana, ap\u00f3s duras negocia\u00e7\u00f5es.<\/p>\n<p>Esta nova vers\u00e3o prop\u00f5e o congelamento das linhas da frente nas posi\u00e7\u00f5es atuais, sem oferecer uma solu\u00e7\u00e3o imediata para as reivindica\u00e7\u00f5es territoriais da R\u00fassia, dado que a R\u00fassia controla aproximadamente 19% da Ucr\u00e2nia.<\/p>\n<p>O novo documento abandona duas exig\u00eancias-chave do Kremlin: a retirada das tropas ucranianas da regi\u00e3o de Donetsk e um compromisso juridicamente vinculativo da Ucr\u00e2nia de n\u00e3o aderir \u00e0 NATO.<\/p>\n<p>Nestas circunst\u00e2ncias, <b>a aprova\u00e7\u00e3o deste acordo por Moscovo parece improv\u00e1vel.<\/b>&#13;\n<\/p>\n<p>Vladimir Putin, o presidente da R\u00fassia afirmou h\u00e1 poucas horas, durante uma inspe\u00e7\u00e3o a um dos postos de comando das For\u00e7as Armadas russas, que <b>a R\u00fassia percebeu que Kiev n\u00e3o tem pressa em terminar o conflito<\/b> com a Ucr\u00e2nia atrav\u00e9s de meios pac\u00edficos, de acordo com a ag\u00eancia de not\u00edcias Interfax.<\/p>\n<p>Putin disse ainda que, se a Ucr\u00e2nia n\u00e3o quisesse resolver o conflito de forma pac\u00edfica, a R\u00fassia alcan\u00e7aria todos os objetivos da sua &#8220;opera\u00e7\u00e3o militar especial&#8221; pela for\u00e7a, informou por seu lado a ag\u00eancia de not\u00edcias estatal russa TASS.&#13;<\/p>\n","protected":false},"excerpt":{"rendered":"Durante uma videoconfer\u00eancia entre o chefe de Estado ucraniano e importantes l\u00edderes europeus, o presidente franc\u00eas, Emmanuel Macron,&hellip;\n","protected":false},"author":2,"featured_media":205455,"comment_status":"","ping_status":"","sticky":false,"template":"","format":"standard","meta":{"footnotes":""},"categories":[50],"tags":[6953,27,28,15,16,14,25,26,21,22,62,12,13,19,20,23,24,17,18,840,29,30,31,1153,2416,63,64,65],"class_list":{"0":"post-205454","1":"post","2":"type-post","3":"status-publish","4":"format-standard","5":"has-post-thumbnail","7":"category-mundo","8":"tag-antonio-costa","9":"tag-breaking-news","10":"tag-breakingnews","11":"tag-featured-news","12":"tag-featurednews","13":"tag-headlines","14":"tag-latest-news","15":"tag-latestnews","16":"tag-main-news","17":"tag-mainnews","18":"tag-mundo","19":"tag-news","20":"tag-noticias","21":"tag-noticias-principais","22":"tag-noticiasprincipais","23":"tag-principais-noticias","24":"tag-principaisnoticias","25":"tag-top-stories","26":"tag-topstories","27":"tag-ucrania","28":"tag-ultimas","29":"tag-ultimas-noticias","30":"tag-ultimasnoticias","31":"tag-ursula-von-der-leyen","32":"tag-volodymyr-zelensky","33":"tag-world","34":"tag-world-news","35":"tag-worldnews"},"share_on_mastodon":{"url":"https:\/\/pubeurope.com\/@pt\/115795687034269344","error":""},"_links":{"self":[{"href":"https:\/\/www.europesays.com\/pt\/wp-json\/wp\/v2\/posts\/205454","targetHints":{"allow":["GET"]}}],"collection":[{"href":"https:\/\/www.europesays.com\/pt\/wp-json\/wp\/v2\/posts"}],"about":[{"href":"https:\/\/www.europesays.com\/pt\/wp-json\/wp\/v2\/types\/post"}],"author":[{"embeddable":true,"href":"https:\/\/www.europesays.com\/pt\/wp-json\/wp\/v2\/users\/2"}],"replies":[{"embeddable":true,"href":"https:\/\/www.europesays.com\/pt\/wp-json\/wp\/v2\/comments?post=205454"}],"version-history":[{"count":0,"href":"https:\/\/www.europesays.com\/pt\/wp-json\/wp\/v2\/posts\/205454\/revisions"}],"wp:featuredmedia":[{"embeddable":true,"href":"https:\/\/www.europesays.com\/pt\/wp-json\/wp\/v2\/media\/205455"}],"wp:attachment":[{"href":"https:\/\/www.europesays.com\/pt\/wp-json\/wp\/v2\/media?parent=205454"}],"wp:term":[{"taxonomy":"category","embeddable":true,"href":"https:\/\/www.europesays.com\/pt\/wp-json\/wp\/v2\/categories?post=205454"},{"taxonomy":"post_tag","embeddable":true,"href":"https:\/\/www.europesays.com\/pt\/wp-json\/wp\/v2\/tags?post=205454"}],"curies":[{"name":"wp","href":"https:\/\/api.w.org\/{rel}","templated":true}]}}