{"id":205480,"date":"2025-12-28T07:06:11","date_gmt":"2025-12-28T07:06:11","guid":{"rendered":"https:\/\/www.europesays.com\/pt\/205480\/"},"modified":"2025-12-28T07:06:11","modified_gmt":"2025-12-28T07:06:11","slug":"assista-a-integra-do-jornal-da-record-5","status":"publish","type":"post","link":"https:\/\/www.europesays.com\/pt\/205480\/","title":{"rendered":"Assista \u00e0 \u00edntegra do Jornal da Record"},"content":{"rendered":"<p class=\"jarvics:base-text-neutral-high-400 base-text-[calc(theme(fontSize.xs)_*_var(--font-size,_1))] base-font-normal base-font-primary base-text-neutral-low-500 base-text-left\">Confira na edi\u00e7\u00e3o do Jornal da Record deste s\u00e1bado (27): Ex-diretor da Pol\u00edcia Rodovi\u00e1ria Federal Silvinei Vasques chega a Bras\u00edlia e \u00e9 levado para penitenci\u00e1ria da Papuda. Ministro Alexandre de Moraes determina pris\u00e3o domiciliar para outros condenados, incluindo ex-assessor de Bolsonaro. Acidente com dois carros deixa 11 mortos em estrada na Bahia. Piloto morre em queda de avi\u00e3o monomotor na praia de Copacabana. Nos Estados Unidos, milhares de voos s\u00e3o cancelados por causa do mau tempo. Suspeitos de financiar a\u00e7\u00f5es terroristas do Hamas s\u00e3o presos na It\u00e1lia. O JR explica como aumentar a prote\u00e7\u00e3o das crian\u00e7as e evitar afogamentos no per\u00edodo de f\u00e9rias. E a prepara\u00e7\u00e3o do S\u00e3o Paulo, atual campe\u00e3o da Copinha, para repetir a dose em 2026.<\/p>\n","protected":false},"excerpt":{"rendered":"Confira na edi\u00e7\u00e3o do Jornal da Record deste s\u00e1bado (27): Ex-diretor da Pol\u00edcia Rodovi\u00e1ria Federal Silvinei Vasques chega&hellip;\n","protected":false},"author":2,"featured_media":205481,"comment_status":"","ping_status":"","sticky":false,"template":"","format":"standard","meta":{"footnotes":""},"categories":[142],"tags":[114,115,4286,32,33,151],"class_list":{"0":"post-205480","1":"post","2":"type-post","3":"status-publish","4":"format-standard","5":"has-post-thumbnail","7":"category-tv","8":"tag-entertainment","9":"tag-entretenimento","10":"tag-jornal-da-record","11":"tag-portugal","12":"tag-pt","13":"tag-tv"},"share_on_mastodon":{"url":"https:\/\/pubeurope.com\/@pt\/115795930906187194","error":""},"_links":{"self":[{"href":"https:\/\/www.europesays.com\/pt\/wp-json\/wp\/v2\/posts\/205480","targetHints":{"allow":["GET"]}}],"collection":[{"href":"https:\/\/www.europesays.com\/pt\/wp-json\/wp\/v2\/posts"}],"about":[{"href":"https:\/\/www.europesays.com\/pt\/wp-json\/wp\/v2\/types\/post"}],"author":[{"embeddable":true,"href":"https:\/\/www.europesays.com\/pt\/wp-json\/wp\/v2\/users\/2"}],"replies":[{"embeddable":true,"href":"https:\/\/www.europesays.com\/pt\/wp-json\/wp\/v2\/comments?post=205480"}],"version-history":[{"count":0,"href":"https:\/\/www.europesays.com\/pt\/wp-json\/wp\/v2\/posts\/205480\/revisions"}],"wp:featuredmedia":[{"embeddable":true,"href":"https:\/\/www.europesays.com\/pt\/wp-json\/wp\/v2\/media\/205481"}],"wp:attachment":[{"href":"https:\/\/www.europesays.com\/pt\/wp-json\/wp\/v2\/media?parent=205480"}],"wp:term":[{"taxonomy":"category","embeddable":true,"href":"https:\/\/www.europesays.com\/pt\/wp-json\/wp\/v2\/categories?post=205480"},{"taxonomy":"post_tag","embeddable":true,"href":"https:\/\/www.europesays.com\/pt\/wp-json\/wp\/v2\/tags?post=205480"}],"curies":[{"name":"wp","href":"https:\/\/api.w.org\/{rel}","templated":true}]}}