{"id":205510,"date":"2025-12-28T08:33:12","date_gmt":"2025-12-28T08:33:12","guid":{"rendered":"https:\/\/www.europesays.com\/pt\/205510\/"},"modified":"2025-12-28T08:33:12","modified_gmt":"2025-12-28T08:33:12","slug":"virginia-se-declara-a-lucas-guedez-apos-treta-do-brisadeiro-zoeira","status":"publish","type":"post","link":"https:\/\/www.europesays.com\/pt\/205510\/","title":{"rendered":"Virginia se declara a Lucas Guedez ap\u00f3s treta do \u2018brisadeiro\u2019 &#8211; Zoeira"},"content":{"rendered":"<p>Virginia Fonseca se pronunciou nesta sexta-feira (26) ap\u00f3s a <strong>repercuss\u00e3o do desentendimento entre Lucas Guedez e Carlinhos Maia<\/strong> envolvendo o chamado \u201cbrisadeiro\u201d, doce citado durante a festa de Natal promovida pela influenciadora.<\/p>\n<p>Sem entrar diretamente na confus\u00e3o, <a href=\"https:\/\/diariodonordeste.verdesmares.com.br\/entretenimento\/zoeira\/virginia-fonseca-exibe-corpo-sarado-durante-ferias-em-dubai-1.3677936\" rel=\"nofollow noopener\" target=\"_blank\">Virginia<\/a> usou os Stories do Instagram para publicar um print de uma chamada de v\u00eddeo com <a href=\"https:\/\/diariodonordeste.verdesmares.com.br\/entretenimento\/zoeira\/lucas-guedez-se-revolta-ao-aparecer-com-filha-de-virginia-e-ser-comparado-a-hytalo-santos-1.3684193\" rel=\"nofollow noopener\" target=\"_blank\">Lucas Guedez<\/a>. Na mensagem, fez uma declara\u00e7\u00e3o carinhosa ao amigo: \u201cTe amo para sempre e est\u00e1 faltando voc\u00ea aqui\u201d. A empres\u00e1ria est\u00e1 passando dias de descanso em Trancoso, na Bahia, acompanhada do <a href=\"https:\/\/diariodonordeste.verdesmares.com.br\/entretenimento\/zoeira\/beleza-interior-vale-mais-diz-virginia-sobre-criticas-a-vini-jr-1.3715022\" rel=\"nofollow noopener\" target=\"_blank\">namorado, Vini Jr.<\/a><\/p>\n<p>\t\t\t\tVeja tamb\u00e9m<\/p>\n<p>A manifesta\u00e7\u00e3o ocorreu poucas horas depois de <a href=\"https:\/\/diariodonordeste.verdesmares.com.br\/entretenimento\/zoeira\/carlinhos-maia-presenteia-pai-com-carro-de-mais-de-r-300-mil-1.3617370\" rel=\"nofollow noopener\" target=\"_blank\">Carlinhos Maia<\/a> afirmar publicamente que Lucas tamb\u00e9m teria consumido o doce durante a confraterniza\u00e7\u00e3o realizada na \u00faltima ter\u00e7a-feira (23). O clima esquentou quando Lucas comentou \u201csem no\u00e7\u00e3o\u201d em uma publica\u00e7\u00e3o que criticava a atitude de Carlinhos.<\/p>\n<p>Em resposta, o humorista rebateu com ironia: \u201cO bicho c\u00ea comeu tamb\u00e9m. Eu levei um peda\u00e7o e dei, comeu eu e voc\u00ea. T\u00e1 se doendo mais do que \u00e9. Calma, n\u00e3o vai perder seu cargo n\u00e3o\u201d.<\/p>\n<p>Na sequ\u00eancia, Carlinhos ainda direcionou um conselho a Virginia, sugerindo que ela se afastasse de pessoas interesseiras: \u201cDesapega desse bando de bajulador que anda com voc\u00ea. Eu passei 10 anos da minha vida para entender isso\u201d.<\/p>\n<p>Pol\u00eamica<\/p>\n<p>A pol\u00eamica come\u00e7ou ap\u00f3s <strong>Carlinhos relatar nas redes sociais que teria consumido o doce<\/strong> durante o evento. \u201cEu comi brisadeiro, maconha dentro, fiquei muito doido. Eu j\u00e1 me acho, a\u00ed como o neg\u00f3cio que deixa a pessoa mais pra cima ainda, a\u00ed acabou. N\u00e3o vou mentir, eu sabia que tinha maconha no brigadeiro, comi porque eu quis\u201d, afirmou.<\/p>\n<p>Depois disso, o humorista voltou a se justificar e minimizou a situa\u00e7\u00e3o, alegando que o momento aconteceu entre adultos e sem a presen\u00e7a de crian\u00e7as. \u201cFoi legal, a gente curtiu, se divertiu, tinha crian\u00e7a nenhuma em volta. Foi massa, t\u00e1 tudo bem. J\u00e1 pedi desculpas pra quem realmente importa, foi realmente sem no\u00e7\u00e3o, mas eu sou sem filtro e as pessoas sabem que eu sou assim\u201d, declarou.<\/p>\n","protected":false},"excerpt":{"rendered":"Virginia Fonseca se pronunciou nesta sexta-feira (26) ap\u00f3s a repercuss\u00e3o do desentendimento entre Lucas Guedez e Carlinhos Maia&hellip;\n","protected":false},"author":2,"featured_media":205511,"comment_status":"","ping_status":"","sticky":false,"template":"","format":"standard","meta":{"footnotes":""},"categories":[145],"tags":[2397,211,210,114,115,32,33],"class_list":{"0":"post-205510","1":"post","2":"type-post","3":"status-publish","4":"format-standard","5":"has-post-thumbnail","7":"category-celebridades","8":"tag-artes-cultura-e-entretenimento","9":"tag-celebridades","10":"tag-celebrities","11":"tag-entertainment","12":"tag-entretenimento","13":"tag-portugal","14":"tag-pt"},"share_on_mastodon":{"url":"https:\/\/pubeurope.com\/@pt\/115796272989468592","error":""},"_links":{"self":[{"href":"https:\/\/www.europesays.com\/pt\/wp-json\/wp\/v2\/posts\/205510","targetHints":{"allow":["GET"]}}],"collection":[{"href":"https:\/\/www.europesays.com\/pt\/wp-json\/wp\/v2\/posts"}],"about":[{"href":"https:\/\/www.europesays.com\/pt\/wp-json\/wp\/v2\/types\/post"}],"author":[{"embeddable":true,"href":"https:\/\/www.europesays.com\/pt\/wp-json\/wp\/v2\/users\/2"}],"replies":[{"embeddable":true,"href":"https:\/\/www.europesays.com\/pt\/wp-json\/wp\/v2\/comments?post=205510"}],"version-history":[{"count":0,"href":"https:\/\/www.europesays.com\/pt\/wp-json\/wp\/v2\/posts\/205510\/revisions"}],"wp:featuredmedia":[{"embeddable":true,"href":"https:\/\/www.europesays.com\/pt\/wp-json\/wp\/v2\/media\/205511"}],"wp:attachment":[{"href":"https:\/\/www.europesays.com\/pt\/wp-json\/wp\/v2\/media?parent=205510"}],"wp:term":[{"taxonomy":"category","embeddable":true,"href":"https:\/\/www.europesays.com\/pt\/wp-json\/wp\/v2\/categories?post=205510"},{"taxonomy":"post_tag","embeddable":true,"href":"https:\/\/www.europesays.com\/pt\/wp-json\/wp\/v2\/tags?post=205510"}],"curies":[{"name":"wp","href":"https:\/\/api.w.org\/{rel}","templated":true}]}}