{"id":205522,"date":"2025-12-28T09:01:24","date_gmt":"2025-12-28T09:01:24","guid":{"rendered":"https:\/\/www.europesays.com\/pt\/205522\/"},"modified":"2025-12-28T09:01:24","modified_gmt":"2025-12-28T09:01:24","slug":"um-morto-e-sete-feridos-em-acidente-com-sete-viaturas-na-a1-observador","status":"publish","type":"post","link":"https:\/\/www.europesays.com\/pt\/205522\/","title":{"rendered":"Um morto e sete feridos em acidente com sete viaturas na A1 \u2013 Observador"},"content":{"rendered":"<p>Uma pessoa morreu e sete ficaram feridas na sequ\u00eancia de um acidente que envolveu sete autom\u00f3veis na A1 em Alcanena, onde a circula\u00e7\u00e3o esteve interrompida no sentido norte-sul.<\/p>\n<p>Segundo fonte da Autoridade Nacional de Emerg\u00eancia e Prote\u00e7\u00e3o Civil (ANEPC), a circula\u00e7\u00e3o foi restabelecida cerca das 00h15.<\/p>\n<p>Uma pessoa morreu e sete ficaram feridas na sequ\u00eancia de um acidente que ocorreu pelas 20h11 ao quil\u00f3metro 104 da A1, envolvendo sete autom\u00f3veis ve\u00edculos ligeiros.<\/p>\n<p>Os sete feridos, considerados ligeiros, foram encaminhados para o hospital.<\/p>\n<p>Segundo fonte da Autoridade Nacional de Emerg\u00eancia e Prote\u00e7\u00e3o Civil (ANEPC), da colis\u00e3o entre sete ve\u00edculos ligeiros resultou uma v\u00edtima mortal e sete feridos considerados ligeiros, entretanto encaminhados para o hospital.<\/p>\n<p>O acidente ocorreu pelas 20h11 ao quil\u00f3metro 104 da A1 e obrigou ao corte da circula\u00e7\u00e3o no sentido norte-sul, mantendo-se ainda interrompida.<\/p>\n","protected":false},"excerpt":{"rendered":"Uma pessoa morreu e sete ficaram feridas na sequ\u00eancia de um acidente que envolveu sete autom\u00f3veis na A1&hellip;\n","protected":false},"author":2,"featured_media":205523,"comment_status":"","ping_status":"","sticky":false,"template":"","format":"standard","meta":{"footnotes":""},"categories":[10],"tags":[59,8436,27,28,15,16,14,25,26,21,22,12,13,19,20,32,23,24,33,58,17,18,29,30,31],"class_list":{"0":"post-205522","1":"post","2":"type-post","3":"status-publish","4":"format-standard","5":"has-post-thumbnail","7":"category-portugal","8":"tag-acidente","9":"tag-acidente-rodoviu00e1rio","10":"tag-breaking-news","11":"tag-breakingnews","12":"tag-featured-news","13":"tag-featurednews","14":"tag-headlines","15":"tag-latest-news","16":"tag-latestnews","17":"tag-main-news","18":"tag-mainnews","19":"tag-news","20":"tag-noticias","21":"tag-noticias-principais","22":"tag-noticiasprincipais","23":"tag-portugal","24":"tag-principais-noticias","25":"tag-principaisnoticias","26":"tag-pt","27":"tag-sociedade","28":"tag-top-stories","29":"tag-topstories","30":"tag-ultimas","31":"tag-ultimas-noticias","32":"tag-ultimasnoticias"},"share_on_mastodon":{"url":"https:\/\/pubeurope.com\/@pt\/115796383037946782","error":""},"_links":{"self":[{"href":"https:\/\/www.europesays.com\/pt\/wp-json\/wp\/v2\/posts\/205522","targetHints":{"allow":["GET"]}}],"collection":[{"href":"https:\/\/www.europesays.com\/pt\/wp-json\/wp\/v2\/posts"}],"about":[{"href":"https:\/\/www.europesays.com\/pt\/wp-json\/wp\/v2\/types\/post"}],"author":[{"embeddable":true,"href":"https:\/\/www.europesays.com\/pt\/wp-json\/wp\/v2\/users\/2"}],"replies":[{"embeddable":true,"href":"https:\/\/www.europesays.com\/pt\/wp-json\/wp\/v2\/comments?post=205522"}],"version-history":[{"count":0,"href":"https:\/\/www.europesays.com\/pt\/wp-json\/wp\/v2\/posts\/205522\/revisions"}],"wp:featuredmedia":[{"embeddable":true,"href":"https:\/\/www.europesays.com\/pt\/wp-json\/wp\/v2\/media\/205523"}],"wp:attachment":[{"href":"https:\/\/www.europesays.com\/pt\/wp-json\/wp\/v2\/media?parent=205522"}],"wp:term":[{"taxonomy":"category","embeddable":true,"href":"https:\/\/www.europesays.com\/pt\/wp-json\/wp\/v2\/categories?post=205522"},{"taxonomy":"post_tag","embeddable":true,"href":"https:\/\/www.europesays.com\/pt\/wp-json\/wp\/v2\/tags?post=205522"}],"curies":[{"name":"wp","href":"https:\/\/api.w.org\/{rel}","templated":true}]}}