{"id":205524,"date":"2025-12-28T09:03:25","date_gmt":"2025-12-28T09:03:25","guid":{"rendered":"https:\/\/www.europesays.com\/pt\/205524\/"},"modified":"2025-12-28T09:03:25","modified_gmt":"2025-12-28T09:03:25","slug":"lucy-ramos-encanta-ao-mostrar-a-filha-curtindo-o-dia-na-piscina-boneca","status":"publish","type":"post","link":"https:\/\/www.europesays.com\/pt\/205524\/","title":{"rendered":"Lucy Ramos encanta ao mostrar a filha curtindo o dia na piscina: &#8216;Boneca&#8217;"},"content":{"rendered":"<p><a href=\"https:\/\/caras.com.br\/tags\/lucy-ramos\" target=\"_blank\" rel=\"noopener nofollow\"><strong>Lucy Ramos<\/strong><\/a> encheu as redes sociais de fofura neste s\u00e1bado, 27, ao compartilhar uma sequ\u00eancia de cliques encantadores da filha, <strong>Kyara<\/strong>, de oito meses.<\/p>\n<p>A atriz mostrou em seu perfil oficial que a herdeira, fruto de seu relacionamento com o ator e diretor <strong>Thiago Luciano<\/strong>, estava curtindo o dia ensolarado em uma piscina.<\/p>\n<p>Para o momento de lazer, a pequena surgiu usando uma roupa de banho e um chap\u00e9u, al\u00e9m disso, em alguns cliques Kyara esbanjou fofura em uma boia.\u00a0Na legenda, Lucy falou sobre aproveitar o ver\u00e3o. \u201cAberta a temporada: Sol, piscina, ver\u00e3o\u2026 e esse calor que n\u00e3o d\u00e1 tr\u00e9gua, n\u00e9?!\u201d, escreveu a famosa.<\/p>\n<p>Os internautas encheram o post de coment\u00e1rios.\u00a0\u201cBoneca\u201d, disse uma seguidora.\u00a0\u201cQue del\u00edcia!!\u201d, comentou outra. \u201cQue princesa linda!!! Jesus aben\u00e7oe sua vida linda!\u201d, falou uma f\u00e3.\u00a0\u201cQue linda est\u00e1 sua princesinha Lucy, ali\u00e1s sua fam\u00edlia \u00e9 linda, Deus aben\u00e7oe voc\u00eas ricamente\u201d, escreveu mais uma.<\/p>\n<p><strong>Confira:<\/strong><\/p>\n<blockquote class=\"instagram-media\" style=\"background: #FFF; border: 0; border-radius: 3px; box-shadow: 0 0 1px 0 rgba(0,0,0,0.5),0 1px 10px 0 rgba(0,0,0,0.15); margin: 1px; max-width: 540px; min-width: 326px; padding: 0; width: calc(100% - 2px);\" data-instgrm-permalink=\"https:\/\/www.instagram.com\/p\/DSxYAe9jmXF\/?utm_source=ig_embed&amp;utm_campaign=loading\" data-instgrm-version=\"14\"><\/blockquote>\n<p>Em outubro, Lucy Ramos completou 43 anos e mostrou alguns registros da comemora\u00e7\u00e3o em fam\u00edlia.\u00a0Nas imagens, a atriz aparece soprando as velinhas ao lado do marido, Thiago Luciano, e da filha deles, Kyara. Para o anivers\u00e1rio, Lucy ganhou um bolo simples, todo de chocolate.<\/p>\n<p>\u201cO primeiro anivers\u00e1rio depois de me tornar m\u00e3e foi o mais cheio de sentido de todos. N\u00e3o foi nada planejado, ia ser mais um dia comum na vida de uma m\u00e3e de primeira viagem, onde tudo gira em torno da beb\u00ea. Mas, com o incentivo do marid\u00e3o, decidi fazer algo muito simples nos 45 do segundo tempo. A sobrinha caprichou no bolo, eu preparei tudo o que servimos na festa, enquanto a sogra cuidou da Kyky, e marid\u00e3o, junto com o amigo Kako, arrumou todo o cen\u00e1rio. E os convidados? Fam\u00edlia e uns poucos amigos. E assim comemoramos o in\u00edcio de mais um ciclo. Que seja pr\u00f3spero, cheio de amor, sa\u00fade, fam\u00edlia, amigos verdadeiros e carinho\u2026\u201d, contou. <a href=\"https:\/\/caras.com.br\/festas\/lucy-ramos-comemora-o-aniversario-com-festa-intimista-algo-muito-simples.phtml\" target=\"_blank\" rel=\"noopener nofollow\"><strong>Veja!<\/strong><\/a><\/p>\n<p><strong>Leia tamb\u00e9m:<\/strong> <a href=\"https:\/\/caras.com.br\/viagem\/filha-de-lucy-ramos-conhece-o-avo-em-viagem-e-semelhanca-impressiona-fas.phtml\" target=\"_blank\" rel=\"noopener nofollow\">Filha de Lucy Ramos conhece o av\u00f4 em viagem e semelhan\u00e7a impressiona f\u00e3s<\/a><\/p>\n<p>        <a href=\"https:\/\/caras.com.br\/autor\/daniela-santos\" rel=\"nofollow noopener\" target=\"_blank\">&#13;<br \/>\n          <img loading=\"lazy\" decoding=\"async\" alt=\"Daniela Santos\" src=\"https:\/\/www.europesays.com\/pt\/wp-content\/uploads\/2025\/09\/1758949148_187_daniela-santos_sqmd.jpg\" class=\"avatar avatar-115 photo rounded-circle\" height=\"115\" width=\"115\"\/>        <\/a><\/p>\n<p><b>Daniela Santos<\/b> \u00e9 rep\u00f3rter do site CARAS. Formada em jornalismo pela FIAM FAAM, atua na \u00e1rea de celebridades e TV desde 2018<\/p>\n<p>\t                                            <script async src=\"\/\/www.instagram.com\/embed.js\"><\/script><\/p>\n","protected":false},"excerpt":{"rendered":"Lucy Ramos encheu as redes sociais de fofura neste s\u00e1bado, 27, ao compartilhar uma sequ\u00eancia de cliques encantadores&hellip;\n","protected":false},"author":2,"featured_media":205525,"comment_status":"","ping_status":"","sticky":false,"template":"","format":"standard","meta":{"footnotes":""},"categories":[145],"tags":[211,210,114,115,1127,14647,10778,32,33],"class_list":{"0":"post-205524","1":"post","2":"type-post","3":"status-publish","4":"format-standard","5":"has-post-thumbnail","7":"category-celebridades","8":"tag-celebridades","9":"tag-celebrities","10":"tag-entertainment","11":"tag-entretenimento","12":"tag-filha","13":"tag-lucy-ramos","14":"tag-piscina","15":"tag-portugal","16":"tag-pt"},"share_on_mastodon":{"url":"https:\/\/pubeurope.com\/@pt\/115796391295486328","error":""},"_links":{"self":[{"href":"https:\/\/www.europesays.com\/pt\/wp-json\/wp\/v2\/posts\/205524","targetHints":{"allow":["GET"]}}],"collection":[{"href":"https:\/\/www.europesays.com\/pt\/wp-json\/wp\/v2\/posts"}],"about":[{"href":"https:\/\/www.europesays.com\/pt\/wp-json\/wp\/v2\/types\/post"}],"author":[{"embeddable":true,"href":"https:\/\/www.europesays.com\/pt\/wp-json\/wp\/v2\/users\/2"}],"replies":[{"embeddable":true,"href":"https:\/\/www.europesays.com\/pt\/wp-json\/wp\/v2\/comments?post=205524"}],"version-history":[{"count":0,"href":"https:\/\/www.europesays.com\/pt\/wp-json\/wp\/v2\/posts\/205524\/revisions"}],"wp:featuredmedia":[{"embeddable":true,"href":"https:\/\/www.europesays.com\/pt\/wp-json\/wp\/v2\/media\/205525"}],"wp:attachment":[{"href":"https:\/\/www.europesays.com\/pt\/wp-json\/wp\/v2\/media?parent=205524"}],"wp:term":[{"taxonomy":"category","embeddable":true,"href":"https:\/\/www.europesays.com\/pt\/wp-json\/wp\/v2\/categories?post=205524"},{"taxonomy":"post_tag","embeddable":true,"href":"https:\/\/www.europesays.com\/pt\/wp-json\/wp\/v2\/tags?post=205524"}],"curies":[{"name":"wp","href":"https:\/\/api.w.org\/{rel}","templated":true}]}}