{"id":205543,"date":"2025-12-28T09:28:21","date_gmt":"2025-12-28T09:28:21","guid":{"rendered":"https:\/\/www.europesays.com\/pt\/205543\/"},"modified":"2025-12-28T09:28:21","modified_gmt":"2025-12-28T09:28:21","slug":"abrem-se-crateras-na-turquia-a-culpa-e-da-seca-e-das-alteracoes-climaticas-geologia","status":"publish","type":"post","link":"https:\/\/www.europesays.com\/pt\/205543\/","title":{"rendered":"Abrem-se crateras na Turquia. A culpa \u00e9 da seca e das altera\u00e7\u00f5es clim\u00e1ticas | Geologia"},"content":{"rendered":"<p>Centenas de crateras come\u00e7aram a abrir-se na regi\u00e3o agr\u00edcola central da Turquia devido \u00e0 diminui\u00e7\u00e3o das chuvas e ao recuo dos len\u00e7\u00f3is fre\u00e1tico. Chamadas &#8220;dolinas&#8221;, estas grandes fossas est\u00e3o a preocupar os agricultores e cientistas, que v\u00eaem nelas um sinal preocupante da ac\u00e7\u00e3o das altera\u00e7\u00f5es clim\u00e1ticas.<\/p>\n<p>Estes enormes buracos circulares salpicam as terras de cultivo de milho, trigo e beterraba sacarina na bacia de Karapinar, na prov\u00edncia de Konya, na Anat\u00f3lia Central. Num \u00fanico campo, abriram-se mais de dez buracos.<\/p>\n<p>O fen\u00f3meno n\u00e3o \u00e9 novo nesta regi\u00e3o de rochas c\u00e1rsticas, um tipo de relevo geol\u00f3gico caracterizado pela corros\u00e3o qu\u00edmica das rochas, compostas predominante por minerais carbonatados. Isto faz com que surjam cavernas, rios subterr\u00e2neos, pared\u00f5es rochosos e as j\u00e1 referidas dolinas. Mas a velocidade com que se est\u00e3o a formar estes novos sumidouros \u00e9 inesperada.<\/p>\n<p>Nas zonas montanhosas, os vastos e antigos sumidouros, que antes estavam cheios de \u00e1gua, agora secaram na sua maioria. O ritmo a que as dolinas se est\u00e3o a formar ali acelerou nos \u00faltimos anos, e agora s\u00e3o perto de 700, descreve Fetullah Arik, professor de Geologia na Universidade T\u00e9cnica de Konya, que estuda estas depress\u00f5es no solo, geralmente de formato circular e mais largas que profundas. <\/p>\n<p>&#8220;As altera\u00e7\u00f5es clim\u00e1ticas s\u00e3o a principal raz\u00e3o para o aumento deste fen\u00f3meno, bem como a seca, que tem afectado o mundo inteiro desde a d\u00e9cada de 2000&#8221;, afirma Fetullah Arik\u200b. &#8220;Em resultado da seca, o n\u00edvel das \u00e1guas subterr\u00e2neas est\u00e1 a descer todos os anos mais um bocadinho.&#8221;<\/p>\n<p>\u00c1gua subterr\u00e2nea desaparece<\/p>\n<p>Segundo o ge\u00f3logo, o ritmo de recuo do n\u00edvel de \u00e1gua subterr\u00e2nea atingiu quatro a cinco metros por ano. Na d\u00e9cada de 2000, era apenas de meio metro por ano. Isto s\u00e3o m\u00e1s not\u00edcias para a agricultura turca, um dos mais importantes sectores econ\u00f3micos do pa\u00eds.<\/p>\n<p>A seca e o recuo das \u00e1guas subterr\u00e2neas t\u00eam obrigado os agricultores a cavar mais po\u00e7os, muitos deles sem licen\u00e7a, o que esgota ainda mais as \u00e1guas subterr\u00e2neas &#8211; e, claro, agrava o problema.<\/p>\n<p>                &#13;<br \/>\n                    &#13;<br \/>\n                    &#13;<br \/>\n                        A descida r\u00e1pida do n\u00edvel de \u00e1gua subterr\u00e2nea e a prol\u00edfera\u00e7\u00e3o de furos ilegais agrava o problema&#13;<br \/>\nUmit Bektas\/REUTERS                    &#13;<\/p>\n<p>&#8220;H\u00e1 uma procura extremamente elevada de \u00e1gua nesta bacia&#8221;, explica Fetullah Arik\u200b. Na bacia de Konya, existem cerca de 120 mil po\u00e7os ilegais, em compara\u00e7\u00e3o com cerca de 40 mil furos feitos com licen\u00e7a.<\/p>\n<p>Embora os novos sumidouros n\u00e3o tenham causado v\u00edtimas at\u00e9 \u00e0 data, t\u00eam uma natureza imprevis\u00edvel, que p\u00f5e em risco as vidas e os bens dos habitantes, frisa o especialista.<\/p>\n<p>Nos \u00faltimos dois anos, abriram-se dois furos de \u00e1gua nos terrenos agr\u00edcolas de Mustafa Sik, um agricultor de Karapinar. Em Agosto de 2024, o seu irm\u00e3o estava a pouca dist\u00e2ncia, a trabalhar na quinta, quando o segundo buraco se abriu, com um &#8220;estrondo extremamente alto e aterrador&#8221;, conta o agricultor.<\/p>\n<p>Um estudo feito por ge\u00f3logos nos terrenos de Mustafa Sik\u200b detectou duas outras \u00e1reas onde se podem formar crateras &#8211; embora n\u00e3o seja poss\u00edvel prever quando ir\u00e1 isso acontecer. &#8220;Estamos preocupados? \u00c9 claro, estamos muito preocupados.&#8221;<\/p>\n","protected":false},"excerpt":{"rendered":"Centenas de crateras come\u00e7aram a abrir-se na regi\u00e3o agr\u00edcola central da Turquia devido \u00e0 diminui\u00e7\u00e3o das chuvas e&hellip;\n","protected":false},"author":2,"featured_media":205544,"comment_status":"","ping_status":"","sticky":false,"template":"","format":"standard","meta":{"footnotes":""},"categories":[50],"tags":[2335,785,27,28,2271,15,16,7833,14,25,26,21,22,62,12,13,19,20,23,24,5452,17,18,2428,29,30,31,63,64,65],"class_list":{"0":"post-205543","1":"post","2":"type-post","3":"status-publish","4":"format-standard","5":"has-post-thumbnail","7":"category-mundo","8":"tag-alteracoes-climaticas","9":"tag-azul","10":"tag-breaking-news","11":"tag-breakingnews","12":"tag-clima","13":"tag-featured-news","14":"tag-featurednews","15":"tag-geologia","16":"tag-headlines","17":"tag-latest-news","18":"tag-latestnews","19":"tag-main-news","20":"tag-mainnews","21":"tag-mundo","22":"tag-news","23":"tag-noticias","24":"tag-noticias-principais","25":"tag-noticiasprincipais","26":"tag-principais-noticias","27":"tag-principaisnoticias","28":"tag-seca","29":"tag-top-stories","30":"tag-topstories","31":"tag-turquia","32":"tag-ultimas","33":"tag-ultimas-noticias","34":"tag-ultimasnoticias","35":"tag-world","36":"tag-world-news","37":"tag-worldnews"},"share_on_mastodon":{"url":"https:\/\/pubeurope.com\/@pt\/115796489296045821","error":""},"_links":{"self":[{"href":"https:\/\/www.europesays.com\/pt\/wp-json\/wp\/v2\/posts\/205543","targetHints":{"allow":["GET"]}}],"collection":[{"href":"https:\/\/www.europesays.com\/pt\/wp-json\/wp\/v2\/posts"}],"about":[{"href":"https:\/\/www.europesays.com\/pt\/wp-json\/wp\/v2\/types\/post"}],"author":[{"embeddable":true,"href":"https:\/\/www.europesays.com\/pt\/wp-json\/wp\/v2\/users\/2"}],"replies":[{"embeddable":true,"href":"https:\/\/www.europesays.com\/pt\/wp-json\/wp\/v2\/comments?post=205543"}],"version-history":[{"count":0,"href":"https:\/\/www.europesays.com\/pt\/wp-json\/wp\/v2\/posts\/205543\/revisions"}],"wp:featuredmedia":[{"embeddable":true,"href":"https:\/\/www.europesays.com\/pt\/wp-json\/wp\/v2\/media\/205544"}],"wp:attachment":[{"href":"https:\/\/www.europesays.com\/pt\/wp-json\/wp\/v2\/media?parent=205543"}],"wp:term":[{"taxonomy":"category","embeddable":true,"href":"https:\/\/www.europesays.com\/pt\/wp-json\/wp\/v2\/categories?post=205543"},{"taxonomy":"post_tag","embeddable":true,"href":"https:\/\/www.europesays.com\/pt\/wp-json\/wp\/v2\/tags?post=205543"}],"curies":[{"name":"wp","href":"https:\/\/api.w.org\/{rel}","templated":true}]}}