{"id":205559,"date":"2025-12-28T09:43:17","date_gmt":"2025-12-28T09:43:17","guid":{"rendered":"https:\/\/www.europesays.com\/pt\/205559\/"},"modified":"2025-12-28T09:43:17","modified_gmt":"2025-12-28T09:43:17","slug":"adiar-conselho-de-estado-apos-segunda-volta","status":"publish","type":"post","link":"https:\/\/www.europesays.com\/pt\/205559\/","title":{"rendered":"Adiar Conselho de Estado Ap\u00f3s Segunda Volta"},"content":{"rendered":"<p>O candidato presidencial e l\u00edder do Chega, Andr\u00e9 Ventura, fez este s\u00e1bado, 27 de dezembro, um \u201capelo final\u201d ao Presidente da Rep\u00fablica para que adie a reuni\u00e3o do Conselho de Estado para a semana seguinte \u00e0 segunda volta das presidenciais.<\/p>\n<p><strong>Considerando que nenhum facto novo sobre a situa\u00e7\u00e3o na Ucr\u00e2nia exige \u201ca tomada de uma decis\u00e3o\u201d por parte do Presidente da Rep\u00fablica, Andr\u00e9 Ventura considerou que o Conselho de Estado marcado por Marcelo Rebelo de Sousa para 9 de janeiro para analisar a situa\u00e7\u00e3o internacional, deve se adiado para depois das elei\u00e7\u00f5es, j\u00e1 que dois dos seus membros \u2013 ele pr\u00f3prio e Marques Mendes \u2013 s\u00e3o membros daquele \u00f3rg\u00e3o.<\/strong><\/p>\n<p>Andr\u00e9 Ventura acusou ainda Marcelo Rebelo de Sousa de escolher a data de 9 de Janeiro, a dez dias das elei\u00e7\u00f5es presidenciais, \u201capenas para interferir e participar nesta campanha eleitoral\u201d argumentando que \u201cn\u00e3o \u00e9 toler\u00e1vel que assim seja\u201d.<\/p>\n<p><strong>O l\u00edder do Chega defendeu ainda que, caso a reuni\u00e3o do Conselho de Estado \u201cvenha a existir\u201d nessa data, ent\u00e3o que seja feito pelos conselheiros de Estado um balan\u00e7o do mandato de 10 anos de Marcelo Rebelo de Sousa em Bel\u00e9m, para analisar \u201co lugar a que conduziu Portugal na cena internacional\u201d.<\/strong><\/p>\n<p>A segunda volta das elei\u00e7\u00f5es presidenciais, a verificar-se, realiza-se no dia 8 de Fevereiro.<\/p>\n","protected":false},"excerpt":{"rendered":"O candidato presidencial e l\u00edder do Chega, Andr\u00e9 Ventura, fez este s\u00e1bado, 27 de dezembro, um \u201capelo final\u201d&hellip;\n","protected":false},"author":2,"featured_media":205560,"comment_status":"","ping_status":"","sticky":false,"template":"","format":"standard","meta":{"footnotes":""},"categories":[10],"tags":[3386,27,28,40235,15,16,14,25,26,21,22,12,13,19,20,32,1076,23,24,33,17,18,29,30,31],"class_list":{"0":"post-205559","1":"post","2":"type-post","3":"status-publish","4":"format-standard","5":"has-post-thumbnail","7":"category-portugal","8":"tag-andre-ventura","9":"tag-breaking-news","10":"tag-breakingnews","11":"tag-conselho-de-estado","12":"tag-featured-news","13":"tag-featurednews","14":"tag-headlines","15":"tag-latest-news","16":"tag-latestnews","17":"tag-main-news","18":"tag-mainnews","19":"tag-news","20":"tag-noticias","21":"tag-noticias-principais","22":"tag-noticiasprincipais","23":"tag-portugal","24":"tag-presidenciais-2026","25":"tag-principais-noticias","26":"tag-principaisnoticias","27":"tag-pt","28":"tag-top-stories","29":"tag-topstories","30":"tag-ultimas","31":"tag-ultimas-noticias","32":"tag-ultimasnoticias"},"share_on_mastodon":{"url":"https:\/\/pubeurope.com\/@pt\/115796548303537661","error":""},"_links":{"self":[{"href":"https:\/\/www.europesays.com\/pt\/wp-json\/wp\/v2\/posts\/205559","targetHints":{"allow":["GET"]}}],"collection":[{"href":"https:\/\/www.europesays.com\/pt\/wp-json\/wp\/v2\/posts"}],"about":[{"href":"https:\/\/www.europesays.com\/pt\/wp-json\/wp\/v2\/types\/post"}],"author":[{"embeddable":true,"href":"https:\/\/www.europesays.com\/pt\/wp-json\/wp\/v2\/users\/2"}],"replies":[{"embeddable":true,"href":"https:\/\/www.europesays.com\/pt\/wp-json\/wp\/v2\/comments?post=205559"}],"version-history":[{"count":0,"href":"https:\/\/www.europesays.com\/pt\/wp-json\/wp\/v2\/posts\/205559\/revisions"}],"wp:featuredmedia":[{"embeddable":true,"href":"https:\/\/www.europesays.com\/pt\/wp-json\/wp\/v2\/media\/205560"}],"wp:attachment":[{"href":"https:\/\/www.europesays.com\/pt\/wp-json\/wp\/v2\/media?parent=205559"}],"wp:term":[{"taxonomy":"category","embeddable":true,"href":"https:\/\/www.europesays.com\/pt\/wp-json\/wp\/v2\/categories?post=205559"},{"taxonomy":"post_tag","embeddable":true,"href":"https:\/\/www.europesays.com\/pt\/wp-json\/wp\/v2\/tags?post=205559"}],"curies":[{"name":"wp","href":"https:\/\/api.w.org\/{rel}","templated":true}]}}